{"id":237,"date":"2023-08-22T14:18:39","date_gmt":"2023-08-22T17:18:39","guid":{"rendered":"https:\/\/centroeducacionalsantarita.com.br\/?p=237"},"modified":"2024-11-04T14:43:19","modified_gmt":"2024-11-04T17:43:19","slug":"educacao-infantil-jardim-ivone-centro-educacional-santa-rita","status":"publish","type":"post","link":"https:\/\/centroeducacionalsantarita.com.br\/index.php\/2023\/08\/22\/educacao-infantil-jardim-ivone-centro-educacional-santa-rita\/","title":{"rendered":"Educa\u00e7\u00e3o Infantil Jardim Ivone &#8211; Centro Educacional Santa Rita"},"content":{"rendered":"\t\t<div data-elementor-type=\"wp-post\" data-elementor-id=\"237\" class=\"elementor elementor-237\">\n\t\t\t\t\t\t<section class=\"elementor-section elementor-top-section elementor-element elementor-element-88ab994 elementor-section-full_width elementor-section-stretched elementor-section-height-default elementor-section-height-default\" data-id=\"88ab994\" data-element_type=\"section\" data-settings=\"{&quot;stretch_section&quot;:&quot;section-stretched&quot;}\">\n\t\t\t\t\t\t<div class=\"elementor-container elementor-column-gap-default\">\n\t\t\t\t\t<div class=\"elementor-column elementor-col-33 elementor-top-column elementor-element elementor-element-daf3d6b\" data-id=\"daf3d6b\" data-element_type=\"column\">\n\t\t\t<div class=\"elementor-widget-wrap elementor-element-populated\">\n\t\t\t\t\t\t<div class=\"elementor-element elementor-element-7bc2425 elementor-widget elementor-widget-text-editor\" data-id=\"7bc2425\" data-element_type=\"widget\" data-widget_type=\"text-editor.default\">\n\t\t\t\t<div class=\"elementor-widget-container\">\n\t\t\t\t\t\t\t<p>Educa\u00e7\u00e3o Infantil Jardim Ivone, Centro educacional Santa Rita, R. Jos\u00e9 Domingues de Pontes, 516 &#8211; Jardim Ivone &#8211; (zona leste) S\u00e3o Paulo &#8211; SP<\/p>\t\t\t\t\t\t<\/div>\n\t\t\t\t<\/div>\n\t\t\t\t\t<\/div>\n\t\t<\/div>\n\t\t\t\t<div class=\"elementor-column elementor-col-33 elementor-top-column elementor-element elementor-element-5c47f9f\" data-id=\"5c47f9f\" data-element_type=\"column\">\n\t\t\t<div class=\"elementor-widget-wrap elementor-element-populated\">\n\t\t\t\t\t\t<div class=\"elementor-element elementor-element-97c6516 elementor-widget elementor-widget-image\" data-id=\"97c6516\" data-element_type=\"widget\" data-widget_type=\"image.default\">\n\t\t\t\t<div class=\"elementor-widget-container\">\n\t\t\t\t\t\t\t\t\t\t\t\t\t\t<a href=\"https:\/\/centroeducacionalsantarita.com.br\/\">\n\t\t\t\t\t\t\t<img fetchpriority=\"high\" decoding=\"async\" width=\"300\" height=\"384\" src=\"https:\/\/centroeducacionalsantarita.com.br\/wp-content\/uploads\/2023\/08\/Centro_educacional_santa_rita_de_cassia_logo.webp\" class=\"attachment-large size-large wp-image-12\" alt=\"\" srcset=\"https:\/\/centroeducacionalsantarita.com.br\/wp-content\/uploads\/2023\/08\/Centro_educacional_santa_rita_de_cassia_logo.webp 300w, https:\/\/centroeducacionalsantarita.com.br\/wp-content\/uploads\/2023\/08\/Centro_educacional_santa_rita_de_cassia_logo-234x300.webp 234w\" sizes=\"(max-width: 300px) 100vw, 300px\" \/>\t\t\t\t\t\t\t\t<\/a>\n\t\t\t\t\t\t\t\t\t\t\t\t\t<\/div>\n\t\t\t\t<\/div>\n\t\t\t\t\t<\/div>\n\t\t<\/div>\n\t\t\t\t<div class=\"elementor-column elementor-col-33 elementor-top-column elementor-element elementor-element-cbf71c0\" data-id=\"cbf71c0\" data-element_type=\"column\">\n\t\t\t<div class=\"elementor-widget-wrap elementor-element-populated\">\n\t\t\t\t\t\t<div class=\"elementor-element elementor-element-4c6f7a2 elementor-widget elementor-widget-heading\" data-id=\"4c6f7a2\" data-element_type=\"widget\" data-widget_type=\"heading.default\">\n\t\t\t\t<div class=\"elementor-widget-container\">\n\t\t\t<h2 class=\"elementor-heading-title elementor-size-default\"><a href=\"https:\/\/centroeducacionalsantarita.com.br\/\">Centro Educacional Santa Rita<\/a><\/h2>\t\t<\/div>\n\t\t\t\t<\/div>\n\t\t\t\t<div class=\"elementor-element elementor-element-3bac3d7 elementor-widget elementor-widget-heading\" data-id=\"3bac3d7\" data-element_type=\"widget\" data-widget_type=\"heading.default\">\n\t\t\t\t<div class=\"elementor-widget-container\">\n\t\t\t<h2 class=\"elementor-heading-title elementor-size-default\"><a href=\"tel:1121434329\" target=\"_blank\">(11) 2143-4329<\/a><\/h2>\t\t<\/div>\n\t\t\t\t<\/div>\n\t\t\t\t<div class=\"elementor-element elementor-element-fd7ad71 elementor-shape-rounded elementor-grid-0 e-grid-align-center elementor-widget elementor-widget-social-icons\" data-id=\"fd7ad71\" data-element_type=\"widget\" data-widget_type=\"social-icons.default\">\n\t\t\t\t<div class=\"elementor-widget-container\">\n\t\t\t\t\t<div class=\"elementor-social-icons-wrapper elementor-grid\">\n\t\t\t\t\t\t\t<span class=\"elementor-grid-item\">\n\t\t\t\t\t<a class=\"elementor-icon elementor-social-icon elementor-social-icon-whatsapp elementor-repeater-item-ae3909a\" href=\"https:\/\/wa.me\/5511910809332?text=Oi,%20estou%20no%20site%20e%20gostaria%20de%20saber%20mais%20detalhes%20sobre%20os%20seus%20servi%C3%A7os\" target=\"_blank\">\n\t\t\t\t\t\t<span class=\"elementor-screen-only\">Whatsapp<\/span>\n\t\t\t\t\t\t<i class=\"fab fa-whatsapp\"><\/i>\t\t\t\t\t<\/a>\n\t\t\t\t<\/span>\n\t\t\t\t\t\t\t<span class=\"elementor-grid-item\">\n\t\t\t\t\t<a class=\"elementor-icon elementor-social-icon elementor-social-icon-instagram elementor-repeater-item-0d40012\" href=\"https:\/\/www.instagram.com\/cedsantaritadecassia\/\" target=\"_blank\">\n\t\t\t\t\t\t<span class=\"elementor-screen-only\">Instagram<\/span>\n\t\t\t\t\t\t<i class=\"fab fa-instagram\"><\/i>\t\t\t\t\t<\/a>\n\t\t\t\t<\/span>\n\t\t\t\t\t\t\t<span class=\"elementor-grid-item\">\n\t\t\t\t\t<a class=\"elementor-icon elementor-social-icon elementor-social-icon-facebook elementor-repeater-item-1290e16\" href=\"https:\/\/www.facebook.com\/cedsantaritadecassia\" target=\"_blank\">\n\t\t\t\t\t\t<span class=\"elementor-screen-only\">Facebook<\/span>\n\t\t\t\t\t\t<i class=\"fab fa-facebook\"><\/i>\t\t\t\t\t<\/a>\n\t\t\t\t<\/span>\n\t\t\t\t\t<\/div>\n\t\t\t\t<\/div>\n\t\t\t\t<\/div>\n\t\t\t\t<div class=\"elementor-element elementor-element-99c9aeb elementor-widget elementor-widget-text-editor\" data-id=\"99c9aeb\" data-element_type=\"widget\" data-widget_type=\"text-editor.default\">\n\t\t\t\t<div class=\"elementor-widget-container\">\n\t\t\t\t\t\t\t<p><a href=\"https:\/\/centroeducacionalsantarita.com.br\/\">Home\u00a0<\/a> \u00a0 \u00a0 \u00a0 <a href=\"https:\/\/centroeducacionalsantarita.com.br\/index.php\/educacao-infantil-parque-santa-madalena-centro-educacional-santa-rita-proposta-pedagogica\/\">Proposta Pedag\u00f3gica<\/a>\u00a0 \u00a0 \u00a0 \u00a0<a href=\"https:\/\/centroeducacionalsantarita.com.br\/index.php\/ensino-fundamental-zona-leste-centro-educacional-santa-rita-contato\/\">Contato<\/a><\/p>\t\t\t\t\t\t<\/div>\n\t\t\t\t<\/div>\n\t\t\t\t\t<\/div>\n\t\t<\/div>\n\t\t\t\t\t<\/div>\n\t\t<\/section>\n\t\t\t\t<section class=\"elementor-section elementor-top-section elementor-element elementor-element-421aa3b elementor-section-full_width elementor-section-height-min-height elementor-section-stretched elementor-section-height-default elementor-section-items-middle\" data-id=\"421aa3b\" data-element_type=\"section\" data-settings=\"{&quot;stretch_section&quot;:&quot;section-stretched&quot;,&quot;background_background&quot;:&quot;classic&quot;}\">\n\t\t\t\t\t\t<div class=\"elementor-container elementor-column-gap-default\">\n\t\t\t\t\t<div class=\"elementor-column elementor-col-100 elementor-top-column elementor-element elementor-element-0c2c53b\" data-id=\"0c2c53b\" data-element_type=\"column\">\n\t\t\t<div class=\"elementor-widget-wrap\">\n\t\t\t\t\t\t\t<\/div>\n\t\t<\/div>\n\t\t\t\t\t<\/div>\n\t\t<\/section>\n\t\t\t\t<section class=\"elementor-section elementor-top-section elementor-element elementor-element-5da390f elementor-section-full_width elementor-section-stretched elementor-section-height-default elementor-section-height-default\" data-id=\"5da390f\" data-element_type=\"section\" data-settings=\"{&quot;stretch_section&quot;:&quot;section-stretched&quot;,&quot;background_background&quot;:&quot;classic&quot;}\">\n\t\t\t\t\t\t<div class=\"elementor-container elementor-column-gap-default\">\n\t\t\t\t\t<div class=\"elementor-column elementor-col-100 elementor-top-column elementor-element elementor-element-f215cf8\" data-id=\"f215cf8\" data-element_type=\"column\">\n\t\t\t<div class=\"elementor-widget-wrap elementor-element-populated\">\n\t\t\t\t\t\t<div class=\"elementor-element elementor-element-c82ebec elementor-widget elementor-widget-text-editor\" data-id=\"c82ebec\" data-element_type=\"widget\" data-widget_type=\"text-editor.default\">\n\t\t\t\t<div class=\"elementor-widget-container\">\n\t\t\t\t\t\t\t<p>Quem Somos<\/p>\t\t\t\t\t\t<\/div>\n\t\t\t\t<\/div>\n\t\t\t\t\t<\/div>\n\t\t<\/div>\n\t\t\t\t\t<\/div>\n\t\t<\/section>\n\t\t\t\t<section class=\"elementor-section elementor-top-section elementor-element elementor-element-769d315 elementor-section-boxed elementor-section-height-default elementor-section-height-default\" data-id=\"769d315\" data-element_type=\"section\">\n\t\t\t\t\t\t<div class=\"elementor-container elementor-column-gap-default\">\n\t\t\t\t\t<div class=\"elementor-column elementor-col-50 elementor-top-column elementor-element elementor-element-6c554c1\" data-id=\"6c554c1\" data-element_type=\"column\">\n\t\t\t<div class=\"elementor-widget-wrap elementor-element-populated\">\n\t\t\t\t\t\t<div class=\"elementor-element elementor-element-89ff4b2 elementor-widget elementor-widget-image\" data-id=\"89ff4b2\" data-element_type=\"widget\" data-widget_type=\"image.default\">\n\t\t\t\t<div class=\"elementor-widget-container\">\n\t\t\t\t\t\t\t\t\t\t\t\t\t<img decoding=\"async\" width=\"600\" height=\"712\" src=\"https:\/\/centroeducacionalsantarita.com.br\/wp-content\/uploads\/2023\/08\/educacao_infantill_zona_leste_jardim_ivone_centro_educacional_santa_rita_de_cassia.webp\" class=\"attachment-large size-large wp-image-67\" alt=\"\" srcset=\"https:\/\/centroeducacionalsantarita.com.br\/wp-content\/uploads\/2023\/08\/educacao_infantill_zona_leste_jardim_ivone_centro_educacional_santa_rita_de_cassia.webp 600w, https:\/\/centroeducacionalsantarita.com.br\/wp-content\/uploads\/2023\/08\/educacao_infantill_zona_leste_jardim_ivone_centro_educacional_santa_rita_de_cassia-253x300.webp 253w\" sizes=\"(max-width: 600px) 100vw, 600px\" \/>\t\t\t\t\t\t\t\t\t\t\t\t\t<\/div>\n\t\t\t\t<\/div>\n\t\t\t\t\t<\/div>\n\t\t<\/div>\n\t\t\t\t<div class=\"elementor-column elementor-col-50 elementor-top-column elementor-element elementor-element-01dac1c\" data-id=\"01dac1c\" data-element_type=\"column\">\n\t\t\t<div class=\"elementor-widget-wrap elementor-element-populated\">\n\t\t\t\t\t\t<div class=\"elementor-element elementor-element-e5ec66d elementor-widget elementor-widget-text-editor\" data-id=\"e5ec66d\" data-element_type=\"widget\" data-widget_type=\"text-editor.default\">\n\t\t\t\t<div class=\"elementor-widget-container\">\n\t\t\t\t\t\t\t<p>Bem-vindo ao <strong>Centro Educacional Santa Rita de C\u00e1ssia<\/strong>, uma institui\u00e7\u00e3o de excel\u00eancia com mais de tr\u00eas d\u00e9cadas de dedica\u00e7\u00e3o \u00e0 educa\u00e7\u00e3o. Nossa jornada \u00e9 marcada por 31 anos de experi\u00eancia na orienta\u00e7\u00e3o e desenvolvimento de mentes jovens, e somos orgulhosos parceiros da <strong>Editora Conquista.<\/strong><\/p><p>No cora\u00e7\u00e3o de nossa miss\u00e3o est\u00e1 a busca pela forma\u00e7\u00e3o integral das futuras gera\u00e7\u00f5es. Estamos empenhados em moldar cidad\u00e3os que n\u00e3o apenas dominam as ferramentas cognitivas, mas tamb\u00e9m cultivam a intelig\u00eancia emocional. Nosso objetivo \u00e9 nutrir mentes curiosas e cora\u00e7\u00f5es compassivos, capacitando nossos alunos a enfrentar com confian\u00e7a a complexidade do mundo moderno.<\/p><p>Acreditamos que a verdadeira educa\u00e7\u00e3o vai al\u00e9m dos livros e das notas. Buscamos equilibrar habilidades comportamentais e cognitivas, pois acreditamos que um cidad\u00e3o completo \u00e9 aquele que compreende a diversidade da sociedade e \u00e9 capaz de se adaptar e prosperar em qualquer cen\u00e1rio. Aqui, cada crian\u00e7a \u00e9 incentivada a descobrir seus talentos individuais, a abra\u00e7ar desafios e a explorar sua criatividade.<\/p>\t\t\t\t\t\t<\/div>\n\t\t\t\t<\/div>\n\t\t\t\t\t<\/div>\n\t\t<\/div>\n\t\t\t\t\t<\/div>\n\t\t<\/section>\n\t\t\t\t<section class=\"elementor-section elementor-top-section elementor-element elementor-element-f434dc9 elementor-section-boxed elementor-section-height-default elementor-section-height-default\" data-id=\"f434dc9\" data-element_type=\"section\">\n\t\t\t\t\t\t<div class=\"elementor-container elementor-column-gap-default\">\n\t\t\t\t\t<div class=\"elementor-column elementor-col-100 elementor-top-column elementor-element elementor-element-dd1d4ec\" data-id=\"dd1d4ec\" data-element_type=\"column\">\n\t\t\t<div class=\"elementor-widget-wrap elementor-element-populated\">\n\t\t\t\t\t\t<div class=\"elementor-element elementor-element-489126c elementor-widget elementor-widget-text-editor\" data-id=\"489126c\" data-element_type=\"widget\" data-widget_type=\"text-editor.default\">\n\t\t\t\t<div class=\"elementor-widget-container\">\n\t\t\t\t\t\t\t<p>Nossos educadores est\u00e3o prontos para guiar nossos alunos em sua jornada de aprendizado, proporcionando um ambiente seguro, estimulante e inclusivo. Com uma abordagem pedag\u00f3gica que une tradi\u00e7\u00e3o e inova\u00e7\u00e3o, estamos preparados para nutrir os alicerces do conhecimento enquanto abra\u00e7amos as oportunidades que o futuro oferece.<\/p><p>Junte-se a n\u00f3s no <strong>Centro Educacional Santa Rita de C\u00e1ssia<\/strong> e fa\u00e7a parte de uma comunidade que valoriza n\u00e3o apenas a busca pelo conhecimento, mas tamb\u00e9m a forma\u00e7\u00e3o de seres humanos conscientes e preparados para ocupar um mundo em constante evolu\u00e7\u00e3o. <br \/>Seja bem-vindo \u00e0 nossa fam\u00edlia educacional, onde os sonhos s\u00e3o cultivados e as mentes s\u00e3o inspiradas a alcan\u00e7ar grandeza.<\/p>\t\t\t\t\t\t<\/div>\n\t\t\t\t<\/div>\n\t\t\t\t\t<\/div>\n\t\t<\/div>\n\t\t\t\t\t<\/div>\n\t\t<\/section>\n\t\t\t\t<section class=\"elementor-section elementor-top-section elementor-element elementor-element-89536f3 elementor-section-full_width elementor-section-stretched elementor-section-height-default elementor-section-height-default\" data-id=\"89536f3\" data-element_type=\"section\" data-settings=\"{&quot;stretch_section&quot;:&quot;section-stretched&quot;,&quot;background_background&quot;:&quot;classic&quot;,&quot;shape_divider_top&quot;:&quot;mountains&quot;,&quot;shape_divider_bottom&quot;:&quot;mountains&quot;}\">\n\t\t\t\t\t<div class=\"elementor-shape elementor-shape-top\" data-negative=\"false\">\n\t\t\t<svg xmlns=\"http:\/\/www.w3.org\/2000\/svg\" viewBox=\"0 0 1000 100\" preserveAspectRatio=\"none\">\n\t<path class=\"elementor-shape-fill\" opacity=\"0.33\" d=\"M473,67.3c-203.9,88.3-263.1-34-320.3,0C66,119.1,0,59.7,0,59.7V0h1000v59.7 c0,0-62.1,26.1-94.9,29.3c-32.8,3.3-62.8-12.3-75.8-22.1C806,49.6,745.3,8.7,694.9,4.7S492.4,59,473,67.3z\"\/>\n\t<path class=\"elementor-shape-fill\" opacity=\"0.66\" d=\"M734,67.3c-45.5,0-77.2-23.2-129.1-39.1c-28.6-8.7-150.3-10.1-254,39.1 s-91.7-34.4-149.2,0C115.7,118.3,0,39.8,0,39.8V0h1000v36.5c0,0-28.2-18.5-92.1-18.5C810.2,18.1,775.7,67.3,734,67.3z\"\/>\n\t<path class=\"elementor-shape-fill\" d=\"M766.1,28.9c-200-57.5-266,65.5-395.1,19.5C242,1.8,242,5.4,184.8,20.6C128,35.8,132.3,44.9,89.9,52.5C28.6,63.7,0,0,0,0 h1000c0,0-9.9,40.9-83.6,48.1S829.6,47,766.1,28.9z\"\/>\n<\/svg>\t\t<\/div>\n\t\t\t\t<div class=\"elementor-shape elementor-shape-bottom\" data-negative=\"false\">\n\t\t\t<svg xmlns=\"http:\/\/www.w3.org\/2000\/svg\" viewBox=\"0 0 1000 100\" preserveAspectRatio=\"none\">\n\t<path class=\"elementor-shape-fill\" opacity=\"0.33\" d=\"M473,67.3c-203.9,88.3-263.1-34-320.3,0C66,119.1,0,59.7,0,59.7V0h1000v59.7 c0,0-62.1,26.1-94.9,29.3c-32.8,3.3-62.8-12.3-75.8-22.1C806,49.6,745.3,8.7,694.9,4.7S492.4,59,473,67.3z\"\/>\n\t<path class=\"elementor-shape-fill\" opacity=\"0.66\" d=\"M734,67.3c-45.5,0-77.2-23.2-129.1-39.1c-28.6-8.7-150.3-10.1-254,39.1 s-91.7-34.4-149.2,0C115.7,118.3,0,39.8,0,39.8V0h1000v36.5c0,0-28.2-18.5-92.1-18.5C810.2,18.1,775.7,67.3,734,67.3z\"\/>\n\t<path class=\"elementor-shape-fill\" d=\"M766.1,28.9c-200-57.5-266,65.5-395.1,19.5C242,1.8,242,5.4,184.8,20.6C128,35.8,132.3,44.9,89.9,52.5C28.6,63.7,0,0,0,0 h1000c0,0-9.9,40.9-83.6,48.1S829.6,47,766.1,28.9z\"\/>\n<\/svg>\t\t<\/div>\n\t\t\t\t\t<div class=\"elementor-container elementor-column-gap-default\">\n\t\t\t\t\t<div class=\"elementor-column elementor-col-100 elementor-top-column elementor-element elementor-element-a3539ec\" data-id=\"a3539ec\" data-element_type=\"column\">\n\t\t\t<div class=\"elementor-widget-wrap elementor-element-populated\">\n\t\t\t\t\t\t<div class=\"elementor-element elementor-element-3812162 elementor-widget elementor-widget-text-editor\" data-id=\"3812162\" data-element_type=\"widget\" data-widget_type=\"text-editor.default\">\n\t\t\t\t<div class=\"elementor-widget-container\">\n\t\t\t\t\t\t\t<p>Centro Educacional Santa Rita<\/p>\t\t\t\t\t\t<\/div>\n\t\t\t\t<\/div>\n\t\t\t\t<div class=\"elementor-element elementor-element-96cb761 elementor-widget elementor-widget-heading\" data-id=\"96cb761\" data-element_type=\"widget\" data-widget_type=\"heading.default\">\n\t\t\t\t<div class=\"elementor-widget-container\">\n\t\t\t<h2 class=\"elementor-heading-title elementor-size-default\">Educa\u00e7\u00e3o Infantil - Ensino Fundamental I<\/h2>\t\t<\/div>\n\t\t\t\t<\/div>\n\t\t\t\t<div class=\"elementor-element elementor-element-60c1459 elementor-widget elementor-widget-heading\" data-id=\"60c1459\" data-element_type=\"widget\" data-widget_type=\"heading.default\">\n\t\t\t\t<div class=\"elementor-widget-container\">\n\t\t\t<h2 class=\"elementor-heading-title elementor-size-default\"><a href=\"https:\/\/www.google.com\/maps\/place\/Centro+Educacional+Santa+Rita+de+C%C3%A1ssia\/@-23.6093189,-46.5227464,17z\/data=!3m1!4b1!4m6!3m5!1s0x94ce5d42c28fb4c9:0x9c2b0c04951a73db!8m2!3d-23.6093189!4d-46.5227464!16s%2Fg%2F11vcnhxsds?hl=pt-BR&#038;entry=ttu\" target=\"_blank\">R. Jos\u00e9 Domingues de Pontes, 516 - Jardim Mimar - S\u00e3o Paulo - SP -CEP. 03986-100<\/a><\/h2>\t\t<\/div>\n\t\t\t\t<\/div>\n\t\t\t\t<div class=\"elementor-element elementor-element-7e54071 elementor-widget elementor-widget-heading\" data-id=\"7e54071\" data-element_type=\"widget\" data-widget_type=\"heading.default\">\n\t\t\t\t<div class=\"elementor-widget-container\">\n\t\t\t<h2 class=\"elementor-heading-title elementor-size-default\"><a href=\"tel:1121434329\" target=\"_blank\">(11) 2143-4329<\/a><\/h2>\t\t<\/div>\n\t\t\t\t<\/div>\n\t\t\t\t<div class=\"elementor-element elementor-element-04e1863 elementor-shape-rounded elementor-grid-0 e-grid-align-center elementor-widget elementor-widget-social-icons\" data-id=\"04e1863\" data-element_type=\"widget\" data-widget_type=\"social-icons.default\">\n\t\t\t\t<div class=\"elementor-widget-container\">\n\t\t\t\t\t<div class=\"elementor-social-icons-wrapper elementor-grid\">\n\t\t\t\t\t\t\t<span class=\"elementor-grid-item\">\n\t\t\t\t\t<a class=\"elementor-icon elementor-social-icon elementor-social-icon-whatsapp elementor-repeater-item-ae3909a\" href=\"https:\/\/wa.me\/5511910809332?text=Oi,%20estou%20no%20site%20e%20gostaria%20de%20saber%20mais%20detalhes%20sobre%20os%20seus%20servi%C3%A7os\" target=\"_blank\">\n\t\t\t\t\t\t<span class=\"elementor-screen-only\">Whatsapp<\/span>\n\t\t\t\t\t\t<i class=\"fab fa-whatsapp\"><\/i>\t\t\t\t\t<\/a>\n\t\t\t\t<\/span>\n\t\t\t\t\t\t\t<span class=\"elementor-grid-item\">\n\t\t\t\t\t<a class=\"elementor-icon elementor-social-icon elementor-social-icon-instagram elementor-repeater-item-0d40012\" href=\"https:\/\/www.instagram.com\/cedsantaritadecassia\/\" target=\"_blank\">\n\t\t\t\t\t\t<span class=\"elementor-screen-only\">Instagram<\/span>\n\t\t\t\t\t\t<i class=\"fab fa-instagram\"><\/i>\t\t\t\t\t<\/a>\n\t\t\t\t<\/span>\n\t\t\t\t\t\t\t<span class=\"elementor-grid-item\">\n\t\t\t\t\t<a class=\"elementor-icon elementor-social-icon elementor-social-icon-facebook elementor-repeater-item-1290e16\" href=\"https:\/\/www.facebook.com\/cedsantaritadecassia\" target=\"_blank\">\n\t\t\t\t\t\t<span class=\"elementor-screen-only\">Facebook<\/span>\n\t\t\t\t\t\t<i class=\"fab fa-facebook\"><\/i>\t\t\t\t\t<\/a>\n\t\t\t\t<\/span>\n\t\t\t\t\t<\/div>\n\t\t\t\t<\/div>\n\t\t\t\t<\/div>\n\t\t\t\t<div class=\"elementor-element elementor-element-e3a5d73 elementor-widget elementor-widget-heading\" data-id=\"e3a5d73\" data-element_type=\"widget\" data-widget_type=\"heading.default\">\n\t\t\t\t<div class=\"elementor-widget-container\">\n\t\t\t<h2 class=\"elementor-heading-title elementor-size-default\"><a href=\"\" target=\"_blank\">contato@centroeducacionalsantarita.com.br<\/a><\/h2>\t\t<\/div>\n\t\t\t\t<\/div>\n\t\t\t\t<div class=\"elementor-element elementor-element-0c331fd elementor-widget elementor-widget-html\" data-id=\"0c331fd\" data-element_type=\"widget\" data-widget_type=\"html.default\">\n\t\t\t\t<div class=\"elementor-widget-container\">\n\t\t\t<!-- Cookie Consent by FreePrivacyPolicy.com https:\/\/www.FreePrivacyPolicy.com -->\n<script type=\"text\/javascript\" src=\"\/\/www.freeprivacypolicy.com\/public\/cookie-consent\/4.1.0\/cookie-consent.js\" charset=\"UTF-8\"><\/script>\n<script type=\"text\/javascript\" charset=\"UTF-8\">\ndocument.addEventListener('DOMContentLoaded', function () {\ncookieconsent.run({\"notice_banner_type\":\"simple\",\"consent_type\":\"express\",\"palette\":\"dark\",\"language\":\"pt\",\"page_load_consent_levels\":[\"strictly-necessary\"],\"notice_banner_reject_button_hide\":false,\"preferences_center_close_button_hide\":false,\"page_refresh_confirmation_buttons\":false,\"website_name\":\"centroeducacionalsantarita.com.br\",\"website_privacy_policy_url\":\"https:\/\/centroeducacionalsantarita.com.br\/index.php\/politica-de-privacidade\/\"});\n});\n<\/script>\n\n<noscript>Cookie Consent by <a href=\"https:\/\/www.freeprivacypolicy.com\/\">Free Privacy Policy Generator<\/a><\/noscript>\n<!-- End Cookie Consent by FreePrivacyPolicy.com https:\/\/www.FreePrivacyPolicy.com -->\n\n\n\n\n\n<!-- Below is the link that users can use to open Preferences Center to change their preferences. Do not modify the ID parameter. Place it where appropriate, style it as needed. -->\n\n<a href=\"#\" id=\"open_preferences_center\"><\/a>\n\t\t<\/div>\n\t\t\t\t<\/div>\n\t\t\t\t\t<\/div>\n\t\t<\/div>\n\t\t\t\t\t<\/div>\n\t\t<\/section>\n\t\t\t\t<section class=\"elementor-section elementor-top-section elementor-element elementor-element-a301023 elementor-section-boxed elementor-section-height-default elementor-section-height-default\" data-id=\"a301023\" data-element_type=\"section\">\n\t\t\t\t\t\t<div class=\"elementor-container elementor-column-gap-default\">\n\t\t\t\t\t<div class=\"elementor-column elementor-col-50 elementor-top-column elementor-element elementor-element-5e5f190\" data-id=\"5e5f190\" data-element_type=\"column\">\n\t\t\t<div class=\"elementor-widget-wrap elementor-element-populated\">\n\t\t\t\t\t\t<div class=\"elementor-element elementor-element-3e11f98 elementor-widget elementor-widget-image\" data-id=\"3e11f98\" data-element_type=\"widget\" data-widget_type=\"image.default\">\n\t\t\t\t<div class=\"elementor-widget-container\">\n\t\t\t\t\t\t\t\t\t\t\t\t\t\t<a href=\"https:\/\/transparencyreport.google.com\/safe-browsing\/search?url=centroeducacionalsantarita.com.br&#038;hl=pt-PT\" target=\"_blank\">\n\t\t\t\t\t\t\t<img decoding=\"async\" width=\"270\" height=\"126\" src=\"https:\/\/centroeducacionalsantarita.com.br\/wp-content\/uploads\/2023\/08\/google_site_seguro.webp\" class=\"attachment-large size-large wp-image-40\" alt=\"\" \/>\t\t\t\t\t\t\t\t<\/a>\n\t\t\t\t\t\t\t\t\t\t\t\t\t<\/div>\n\t\t\t\t<\/div>\n\t\t\t\t\t<\/div>\n\t\t<\/div>\n\t\t\t\t<div class=\"elementor-column elementor-col-50 elementor-top-column elementor-element elementor-element-5f24827\" data-id=\"5f24827\" data-element_type=\"column\">\n\t\t\t<div class=\"elementor-widget-wrap elementor-element-populated\">\n\t\t\t\t\t\t<div class=\"elementor-element elementor-element-349c48a elementor-widget elementor-widget-image\" data-id=\"349c48a\" data-element_type=\"widget\" data-widget_type=\"image.default\">\n\t\t\t\t<div class=\"elementor-widget-container\">\n\t\t\t\t\t\t\t\t\t\t\t\t\t\t<a href=\"https:\/\/gkolano.com.br\/\" target=\"_blank\">\n\t\t\t\t\t\t\t<img loading=\"lazy\" decoding=\"async\" width=\"300\" height=\"96\" src=\"https:\/\/centroeducacionalsantarita.com.br\/wp-content\/uploads\/2023\/08\/gkolano-tecnologia-11-96729-0901.webp\" class=\"attachment-large size-large wp-image-41\" alt=\"\" \/>\t\t\t\t\t\t\t\t<\/a>\n\t\t\t\t\t\t\t\t\t\t\t\t\t<\/div>\n\t\t\t\t<\/div>\n\t\t\t\t<div class=\"elementor-element elementor-element-7c4b262 elementor-widget elementor-widget-heading\" data-id=\"7c4b262\" data-element_type=\"widget\" data-widget_type=\"heading.default\">\n\t\t\t\t<div class=\"elementor-widget-container\">\n\t\t\t<h2 class=\"elementor-heading-title elementor-size-default\">Copyright \u00a9 2014-2025 \u2022 GKolano Tecnologia \u2014 Todos os direitos reservados\n<\/h2>\t\t<\/div>\n\t\t\t\t<\/div>\n\t\t\t\t\t<\/div>\n\t\t<\/div>\n\t\t\t\t\t<\/div>\n\t\t<\/section>\n\t\t\t\t<\/div>\n\t\t","protected":false},"excerpt":{"rendered":"<p>Educa\u00e7\u00e3o Infantil Jardim Ivone, Centro educacional Santa Rita, R. Jos\u00e9 Domingues de Pontes, 516 &#8211; Jardim Ivone &#8211; (zona leste) S\u00e3o Paulo &#8211; SP Centro Educacional Santa Rita (11) 2143-4329 Whatsapp Instagram Facebook Home\u00a0 \u00a0 \u00a0 \u00a0 Proposta Pedag\u00f3gica\u00a0 \u00a0 \u00a0 \u00a0Contato Quem Somos Bem-vindo ao Centro Educacional Santa Rita de C\u00e1ssia, uma institui\u00e7\u00e3o de [&hellip;]<\/p>\n","protected":false},"author":1,"featured_media":0,"comment_status":"open","ping_status":"open","sticky":false,"template":"elementor_canvas","format":"standard","meta":{"footnotes":""},"categories":[28,31,30,29,11,15,17,13,12,16,18,14,19,23,21,22,20,24,26,27,25],"tags":[54,49,51,41,47,44,45,63,46,58,56,61,57,40,62,59,35,42,37,52,60,33,36,48,55,69,74,65,77,73,64,76,68,78,81,66,70,67,79,90,71,50,32,53,39,38,43,34,84,91,86,88,95,94,92,89,82,72,93,83,87,75,80,85,100,109,111,122,99,103,101,96,117,119,113,127,114,120,108,123,118,107,126,121,115,116,125,106,124,102,105,112,98,110,104,97,134,159,130,153,136,129,155,128,154,139,133,144,132,140,150,131,142,151,141,137,157,148,135,143,158,145,146,149,156,152,147,138,163,183,160,168,170,161,181,166,167,184,173,164,174,190,165,177,189,180,169,185,175,179,172,176,187,188,162,191,171,178,186,182,212,221,215,201,205,222,204,193,218,207,192,200,203,206,202,197,210,195,213,217,223,209,216,196,211,214,199,220,198,208,219,194,224,250,228,234,229,230,235,237,239,240,226,231,227,233,236,225,275,282,261,276,271,266,257,263,270,268,256,278,264,267,279,269,232,258,280,284,259,272,286,262,277,265,285,274,281,287,260,283,273,290,289,308,303,309,316,311,291,319,294,304,306,305,295,301,313,298,292,288,299,300,296,314,315,317,307,302,312,318,297,310,293,255,242,243,252,246,244,322,347,321,344,324,334,338,332,331,349,320,335,323,330,328,333,245,238,325,343,342,336,329,327,348,350,340,337,341,345,346,326,339,351,254,241,248,249,253,247,251,384,397,386,399,394,385,387,391,393,396,388,395,390,392,398,389],"class_list":["post-237","post","type-post","status-publish","format-standard","hentry","category-educacao-basica","category-educacao-basica-jardim-mimar","category-educacao-basica-parque-santa-madalena","category-educacao-basica-zona-leste","category-educacao-infantil","category-educacao-infantil-jardim-mimar","category-educacao-infantil-parque-santa-madalena","category-educacao-infantil-zona-leste","category-ensino-fundamental","category-ensino-fundamental-jardim-mimar","category-ensino-fundamental-parque-santa-madalena","category-ensino-fundamental-zona-leste","category-ensino-infantil","category-ensino-infantil-jardim-ivone","category-ensino-infantil-jardim-mimar","category-ensino-infantil-parque-santa-madalena","category-ensino-infantil-zona-leste","category-escola-infantil","category-escola-infantil-jardim-mimar","category-escola-infantil-parque-santa-madalena","category-escola-infantil-zona-leste","tag-bercario-bilingue-centro-educacional-santa-rita-de-cassia","tag-bercario-bilingue-jardim-adutora","tag-bercario-bilingue-jardim-angela","tag-bercario-bilingue-jardim-das-maravilhas","tag-bercario-bilingue-jardim-elba","tag-bercario-bilingue-jardim-ivone","tag-bercario-bilingue-jardim-maria-therezinha","tag-bercario-bilingue-parque-santa-madalena","tag-bercario-bilingue-parque-sao-lucas","tag-bercario-bilingue-vila-alpina","tag-bercario-bilingue-vila-alzira","tag-bercario-bilingue-vila-ema","tag-bercario-bilingue-vila-industrial","tag-bercario-bilingue-vila-sao-nicolau","tag-bercario-bilingue-vila-tolstoi","tag-bercario-bilingue-zona-leste","tag-bercario-centro-educacional-santa-rita-de-cassia","tag-bercario-jardim-adutora","tag-bercario-jardim-angela","tag-bercario-jardim-das-maravilhas","tag-bercario-jardim-elba","tag-bercario-jardim-ivone","tag-bercario-jardim-maria-therezinha","tag-bercario-parque-santa-madalena","tag-bercario-parque-sao-lucas","tag-bercario-particular-centro-educacional-santa-rita-de-cassia","tag-bercario-particular-jardim-adutora","tag-bercario-particular-jardim-angela","tag-bercario-particular-jardim-das-maravilhas","tag-bercario-particular-jardim-elba","tag-bercario-particular-jardim-ivone","tag-bercario-particular-jardim-maria-therezinha","tag-bercario-particular-parque-santa-madalena","tag-bercario-particular-parque-sao-lucas","tag-bercario-particular-vila-alpina","tag-bercario-particular-vila-alzira","tag-bercario-particular-vila-ema","tag-bercario-particular-vila-industrial","tag-bercario-particular-vila-sao-nicolau","tag-bercario-particular-vila-tolstoi","tag-bercario-particular-zona-leste","tag-bercario-vila-alpina","tag-bercario-vila-alzira","tag-bercario-vila-ema","tag-bercario-vila-industrial","tag-bercario-vila-sao-nicolau","tag-bercario-vila-tolstoi","tag-bercario-zona-leste","tag-colegio-centro-educacional-santa-rita-de-cassia","tag-colegio-jardim-adutora","tag-colegio-jardim-angela","tag-colegio-jardim-das-maravilhas","tag-colegio-jardim-elba","tag-colegio-jardim-ivone","tag-colegio-jardim-maria-therezinha","tag-colegio-parque-santa-madalena","tag-colegio-parque-sao-lucas","tag-colegio-vila-alpina","tag-colegio-vila-alzira","tag-colegio-vila-ema","tag-colegio-vila-industrial","tag-colegio-vila-sao-nicolau","tag-colegio-vila-tolstoi","tag-colegio-zona-leste","tag-creche-centro-educacional-santa-rita-de-cassia","tag-creche-jardim-adutora","tag-creche-jardim-angela","tag-creche-jardim-das-maravilhas","tag-creche-jardim-elba","tag-creche-jardim-ivone","tag-creche-jardim-maria-therezinha","tag-creche-parque-santa-madalena","tag-creche-parque-sao-lucas","tag-creche-particular-centro-educacional-santa-rita-de-cassia","tag-creche-particular-jardim-adutora","tag-creche-particular-jardim-angela","tag-creche-particular-jardim-das-maravilhas","tag-creche-particular-jardim-elba","tag-creche-particular-jardim-ivone","tag-creche-particular-jardim-maria-therezinha","tag-creche-particular-parque-santa-madalena","tag-creche-particular-parque-sao-lucas","tag-creche-particular-vila-alpina","tag-creche-particular-vila-alzira","tag-creche-particular-vila-ema","tag-creche-particular-vila-industrial","tag-creche-particular-vila-sao-nicolau","tag-creche-particular-vila-tolstoi","tag-creche-particular-zona-leste","tag-creche-vila-alpina","tag-creche-vila-alzira","tag-creche-vila-ema","tag-creche-vila-industrial","tag-creche-vila-sao-nicolau","tag-creche-vila-tolstoi","tag-creche-zona-leste","tag-educacao-basica-centro-educacional-santa-rita-de-cassia","tag-educacao-basica-jardim-adutora","tag-educacao-basica-jardim-angela","tag-educacao-basica-jardim-das-maravilhas","tag-educacao-basica-jardim-elba","tag-educacao-basica-jardim-ivone","tag-educacao-basica-jardim-maria-therezinha","tag-educacao-basica-parque-santa-madalena","tag-educacao-basica-parque-sao-lucas","tag-educacao-basica-vila-alpina","tag-educacao-basica-vila-alzira","tag-educacao-basica-vila-ema","tag-educacao-basica-vila-industrial","tag-educacao-basica-vila-sao-nicolau","tag-educacao-basica-vila-tolstoi","tag-educacao-basica-zona-leste","tag-educacao-bilingue-centro-educacional-santa-rita-de-cassia","tag-educacao-bilingue-jardim-adutora","tag-educacao-bilingue-jardim-angela","tag-educacao-bilingue-jardim-das-maravilhas","tag-educacao-bilingue-jardim-elba","tag-educacao-bilingue-jardim-ivone","tag-educacao-bilingue-jardim-maria-therezinha","tag-educacao-bilingue-parque-santa-madalena","tag-educacao-bilingue-parque-sao-lucas","tag-educacao-bilingue-vila-alpina","tag-educacao-bilingue-vila-alzira","tag-educacao-bilingue-vila-ema","tag-educacao-bilingue-vila-industrial","tag-educacao-bilingue-vila-sao-nicolau","tag-educacao-bilingue-vila-tolstoi","tag-educacao-bilingue-zona-leste","tag-educacao-infantil-centro-educacional-santa-rita-de-cassia","tag-educacao-infantil-jardim-adutora","tag-educacao-infantil-jardim-angela","tag-educacao-infantil-jardim-das-maravilhas","tag-educacao-infantil-jardim-elba","tag-educacao-infantil-jardim-ivone","tag-educacao-infantil-jardim-maria-therezinha","tag-educacao-infantil-parque-santa-madalena","tag-educacao-infantil-parque-sao-lucas","tag-educacao-infantil-vila-alpina","tag-educacao-infantil-vila-alzira","tag-educacao-infantil-vila-ema","tag-educacao-infantil-vila-industrial","tag-educacao-infantil-vila-sao-nicolau","tag-educacao-infantil-vila-tolstoi","tag-educacao-infantil-zona-leste","tag-ensino-basico-centro-educacional-santa-rita-de-cassia","tag-ensino-basico-jardim-adutora","tag-ensino-basico-jardim-angela","tag-ensino-basico-jardim-das-maravilhas","tag-ensino-basico-jardim-elba","tag-ensino-basico-jardim-ivone","tag-ensino-basico-jardim-maria-therezinha","tag-ensino-basico-parque-santa-madalena","tag-ensino-basico-parque-sao-lucas","tag-ensino-basico-vila-alpina","tag-ensino-basico-vila-alzira","tag-ensino-basico-vila-ema","tag-ensino-basico-vila-industrial","tag-ensino-basico-vila-sao-nicolau","tag-ensino-basico-vila-tolstoi","tag-ensino-basico-zona-leste","tag-ensino-bilingue-centro-educacional-santa-rita-de-cassia","tag-ensino-bilingue-jardim-adutora","tag-ensino-bilingue-jardim-angela","tag-ensino-bilingue-jardim-das-maravilhas","tag-ensino-bilingue-jardim-elba","tag-ensino-bilingue-jardim-ivone","tag-ensino-bilingue-jardim-maria-therezinha","tag-ensino-bilingue-parque-santa-madalena","tag-ensino-bilingue-parque-sao-lucas","tag-ensino-bilingue-vila-alpina","tag-ensino-bilingue-vila-alzira","tag-ensino-bilingue-vila-ema","tag-ensino-bilingue-vila-industrial","tag-ensino-bilingue-vila-sao-nicolau","tag-ensino-bilingue-vila-tolstoi","tag-ensino-bilingue-zona-leste","tag-ensino-fundamental-centro-educacional-santa-rita-de-cassia","tag-ensino-fundamental-jardim-adutora","tag-ensino-fundamental-jardim-angela","tag-ensino-fundamental-jardim-das-maravilhas","tag-ensino-fundamental-jardim-elba","tag-ensino-fundamental-jardim-ivone","tag-ensino-fundamental-jardim-maria-therezinha","tag-ensino-fundamental-parque-santa-madalena","tag-ensino-fundamental-parque-sao-lucas","tag-ensino-fundamental-vila-alpina","tag-ensino-fundamental-vila-alzira","tag-ensino-fundamental-vila-ema","tag-ensino-fundamental-vila-industrial","tag-ensino-fundamental-vila-sao-nicolau","tag-ensino-fundamental-vila-tolstoi","tag-ensino-fundamental-zona-leste","tag-ensino-infantil-centro-educacional-santa-rita-de-cassia","tag-ensino-infantil-jardim-adutora","tag-ensino-infantil-jardim-angela","tag-ensino-infantil-jardim-das-maravilhas","tag-ensino-infantil-jardim-elba","tag-ensino-infantil-jardim-ivone","tag-ensino-infantil-jardim-maria-therezinha","tag-ensino-infantil-parque-santa-madalena","tag-ensino-infantil-parque-sao-lucas","tag-ensino-infantil-vila-alpina","tag-ensino-infantil-vila-alzira","tag-ensino-infantil-vila-ema","tag-ensino-infantil-vila-industrial","tag-ensino-infantil-vila-sao-nicolau","tag-ensino-infantil-vila-tolstoi","tag-ensino-infantil-zona-leste","tag-escola-bilingue-centro-educacional-santa-rita-de-cassia","tag-escola-bilingue-jardim-adutora","tag-escola-bilingue-jardim-angela","tag-escola-bilingue-jardim-das-maravilhas","tag-escola-bilingue-jardim-elba","tag-escola-bilingue-jardim-ivone","tag-escola-bilingue-jardim-maria-therezinha","tag-escola-bilingue-parque-santa-madalena","tag-escola-bilingue-parque-sao-lucas","tag-escola-bilingue-vila-alpina","tag-escola-bilingue-vila-alzira","tag-escola-bilingue-vila-ema","tag-escola-bilingue-vila-industrial","tag-escola-bilingue-vila-sao-nicolau","tag-escola-bilingue-vila-tolstoi","tag-escola-bilingue-zona-leste","tag-escola-centro-educacional-santa-rita-de-cassia","tag-escola-de-educacao-infantil-centro-educacional-santa-rita-de-cassia","tag-escola-de-educacao-infantil-jardim-adutora","tag-escola-de-educacao-infantil-jardim-angela","tag-escola-de-educacao-infantil-jardim-das-maravilhas","tag-escola-de-educacao-infantil-jardim-elba","tag-escola-de-educacao-infantil-jardim-ivone","tag-escola-de-educacao-infantil-jardim-maria-therezinha","tag-escola-de-educacao-infantil-parque-santa-madalena","tag-escola-de-educacao-infantil-parque-sao-lucas","tag-escola-de-educacao-infantil-vila-alpina","tag-escola-de-educacao-infantil-vila-alzira","tag-escola-de-educacao-infantil-vila-ema","tag-escola-de-educacao-infantil-vila-industrial","tag-escola-de-educacao-infantil-vila-sao-nicolau","tag-escola-de-educacao-infantil-vila-tolstoi","tag-escola-de-educacao-infantil-zona-leste","tag-escola-de-ensino-infantil-centro-educacional-santa-rita-de-cassia","tag-escola-de-ensino-infantil-jardim-adutora","tag-escola-de-ensino-infantil-jardim-angela","tag-escola-de-ensino-infantil-jardim-das-maravilhas","tag-escola-de-ensino-infantil-jardim-elba","tag-escola-de-ensino-infantil-jardim-ivone","tag-escola-de-ensino-infantil-jardim-maria-therezinha","tag-escola-de-ensino-infantil-parque-santa-madalena","tag-escola-de-ensino-infantil-parque-sao-lucas","tag-escola-de-ensino-infantil-vila-alpina","tag-escola-de-ensino-infantil-vila-alzira","tag-escola-de-ensino-infantil-vila-ema","tag-escola-de-ensino-infantil-vila-industrial","tag-escola-de-ensino-infantil-vila-sao-nicolau","tag-escola-de-ensino-infantil-vila-tolstoi","tag-escola-de-ensino-infantil-zona-leste","tag-escola-ensino-fundamental-centro-educacional-santa-rita-de-cassia","tag-escola-ensino-fundamental-jardim-adutora","tag-escola-ensino-fundamental-jardim-angela","tag-escola-ensino-fundamental-jardim-das-maravilhas","tag-escola-ensino-fundamental-jardim-elba","tag-escola-ensino-fundamental-jardim-ivone","tag-escola-ensino-fundamental-jardim-maria-therezinha","tag-escola-ensino-fundamental-parque-santa-madalena","tag-escola-ensino-fundamental-parque-sao-lucas","tag-escola-ensino-fundamental-vila-alpina","tag-escola-ensino-fundamental-vila-alzira","tag-escola-ensino-fundamental-vila-ema","tag-escola-ensino-fundamental-vila-industrial","tag-escola-ensino-fundamental-vila-sao-nicolau","tag-escola-ensino-fundamental-vila-tolstoi","tag-escola-ensino-fundamental-zona-leste","tag-escola-jardim-adutora","tag-escola-jardim-angela","tag-escola-jardim-das-maravilhas","tag-escola-jardim-elba","tag-escola-jardim-ivone","tag-escola-jardim-maria-therezinha","tag-escola-maternal-centro-educacional-santa-rita-de-cassia","tag-escola-maternal-jardim-adutora","tag-escola-maternal-jardim-angela","tag-escola-maternal-jardim-das-maravilhas","tag-escola-maternal-jardim-elba","tag-escola-maternal-jardim-ivone","tag-escola-maternal-jardim-maria-therezinha","tag-escola-maternal-parque-santa-madalena","tag-escola-maternal-parque-sao-lucas","tag-escola-maternal-vila-alpina","tag-escola-maternal-vila-alzira","tag-escola-maternal-vila-ema","tag-escola-maternal-vila-industrial","tag-escola-maternal-vila-sao-nicolau","tag-escola-maternal-vila-tolstoi","tag-escola-maternal-zona-leste","tag-escola-parque-santa-madalena","tag-escola-parque-sao-lucas","tag-escola-particular-centro-educacional-santa-rita-de-cassia","tag-escola-particular-jardim-adutora","tag-escola-particular-jardim-angela","tag-escola-particular-jardim-das-maravilhas","tag-escola-particular-jardim-elba","tag-escola-particular-jardim-ivone","tag-escola-particular-jardim-maria-therezinha","tag-escola-particular-parque-santa-madalena","tag-escola-particular-parque-sao-lucas","tag-escola-particular-vila-alpina","tag-escola-particular-vila-alzira","tag-escola-particular-vila-ema","tag-escola-particular-vila-industrial","tag-escola-particular-vila-sao-nicolau","tag-escola-particular-vila-tolstoi","tag-escola-particular-zona-leste","tag-escola-vila-alpina","tag-escola-vila-alzira","tag-escola-vila-ema","tag-escola-vila-industrial","tag-escola-vila-sao-nicolau","tag-escola-vila-tolstoi","tag-escola-zona-leste","tag-pre-escola-particular-centro-educacional-santa-rita-de-cassia","tag-pre-escola-particular-jardim-adutora","tag-pre-escola-particular-jardim-angela","tag-pre-escola-particular-jardim-das-maravilhas","tag-pre-escola-particular-jardim-elba","tag-pre-escola-particular-jardim-ivone","tag-pre-escola-particular-jardim-maria-therezinha","tag-pre-escola-particular-parque-santa-madalena","tag-pre-escola-particular-parque-sao-lucas","tag-pre-escola-particular-vila-alpina","tag-pre-escola-particular-vila-alzira","tag-pre-escola-particular-vila-ema","tag-pre-escola-particular-vila-industrial","tag-pre-escola-particular-vila-sao-nicolau","tag-pre-escola-particular-vila-tolstoi","tag-pre-escola-particular-zona-leste","entry"],"yoast_head":"<!-- This site is optimized with the Yoast SEO plugin v23.8 - https:\/\/yoast.com\/wordpress\/plugins\/seo\/ -->\n<title>Educa\u00e7\u00e3o Infantil Jardim Ivone | Centro Educacional Santa Rita<\/title>\n<meta name=\"description\" content=\"Educa\u00e7\u00e3o Infantil Jardim Ivone | Centro Educacional Santa Rita | Ensino Fundamental ,Ingl\u00eas, Inform\u00e1tica, Ballet e Capoeira\" \/>\n<meta name=\"robots\" content=\"index, follow, max-snippet:-1, max-image-preview:large, max-video-preview:-1\" \/>\n<link rel=\"canonical\" href=\"https:\/\/centroeducacionalsantarita.com.br\/index.php\/2023\/08\/22\/educacao-infantil-jardim-ivone-centro-educacional-santa-rita\/\" \/>\n<meta property=\"og:locale\" content=\"en_US\" \/>\n<meta property=\"og:type\" content=\"article\" \/>\n<meta property=\"og:title\" content=\"Educa\u00e7\u00e3o Infantil Jardim Ivone | Centro Educacional Santa Rita\" \/>\n<meta property=\"og:description\" content=\"Educa\u00e7\u00e3o Infantil Jardim Ivone | Centro Educacional Santa Rita | Ensino Fundamental ,Ingl\u00eas, Inform\u00e1tica, Ballet e Capoeira\" \/>\n<meta property=\"og:url\" content=\"https:\/\/centroeducacionalsantarita.com.br\/index.php\/2023\/08\/22\/educacao-infantil-jardim-ivone-centro-educacional-santa-rita\/\" \/>\n<meta property=\"og:site_name\" content=\"Centro Educacional Santa Rita de Cassia\" \/>\n<meta property=\"article:publisher\" content=\"https:\/\/www.facebook.com\/cedsantaritadecassia\" \/>\n<meta property=\"article:published_time\" content=\"2023-08-22T17:18:39+00:00\" \/>\n<meta property=\"article:modified_time\" content=\"2024-11-04T17:43:19+00:00\" \/>\n<meta property=\"og:image\" content=\"http:\/\/centroeducacionalsantarita.com.br\/wp-content\/uploads\/2023\/08\/Centro_educacional_santa_rita_de_cassia_logo.webp\" \/>\n<meta name=\"author\" content=\"GKcesrcMK1\" \/>\n<meta name=\"twitter:card\" content=\"summary_large_image\" \/>\n<meta name=\"twitter:label1\" content=\"Written by\" \/>\n\t<meta name=\"twitter:data1\" content=\"GKcesrcMK1\" \/>\n\t<meta name=\"twitter:label2\" content=\"Est. reading time\" \/>\n\t<meta name=\"twitter:data2\" content=\"3 minutes\" \/>\n<script type=\"application\/ld+json\" class=\"yoast-schema-graph\">{\"@context\":\"https:\/\/schema.org\",\"@graph\":[{\"@type\":\"Article\",\"@id\":\"https:\/\/centroeducacionalsantarita.com.br\/index.php\/2023\/08\/22\/educacao-infantil-jardim-ivone-centro-educacional-santa-rita\/#article\",\"isPartOf\":{\"@id\":\"https:\/\/centroeducacionalsantarita.com.br\/index.php\/2023\/08\/22\/educacao-infantil-jardim-ivone-centro-educacional-santa-rita\/\"},\"author\":{\"name\":\"GKcesrcMK1\",\"@id\":\"https:\/\/centroeducacionalsantarita.com.br\/#\/schema\/person\/c570d49ce2705f52b62b564fd16b48ae\"},\"headline\":\"Educa\u00e7\u00e3o Infantil Jardim Ivone &#8211; Centro Educacional Santa Rita\",\"datePublished\":\"2023-08-22T17:18:39+00:00\",\"dateModified\":\"2024-11-04T17:43:19+00:00\",\"mainEntityOfPage\":{\"@id\":\"https:\/\/centroeducacionalsantarita.com.br\/index.php\/2023\/08\/22\/educacao-infantil-jardim-ivone-centro-educacional-santa-rita\/\"},\"wordCount\":396,\"commentCount\":0,\"publisher\":{\"@id\":\"https:\/\/centroeducacionalsantarita.com.br\/#organization\"},\"image\":{\"@id\":\"https:\/\/centroeducacionalsantarita.com.br\/index.php\/2023\/08\/22\/educacao-infantil-jardim-ivone-centro-educacional-santa-rita\/#primaryimage\"},\"thumbnailUrl\":\"http:\/\/centroeducacionalsantarita.com.br\/wp-content\/uploads\/2023\/08\/Centro_educacional_santa_rita_de_cassia_logo.webp\",\"keywords\":[\"Bercario bilingue Centro Educacional Santa Rita de Cassia\",\"Bercario bilingue Jardim Adutora\",\"Bercario bilingue Jardim Angela\",\"Bercario bilingue Jardim das Maravilhas\",\"Bercario bilingue Jardim Elba\",\"Bercario bilingue Jardim Ivone\",\"Bercario bilingue Jardim Maria Therezinha\",\"Bercario bilingue Parque Santa Madalena\",\"Bercario bilingue Parque Sao Lucas\",\"Bercario bilingue Vila Alpina\",\"Bercario bilingue Vila Alzira\",\"Bercario bilingue Vila Ema\",\"Bercario bilingue Vila Industrial\",\"Bercario bilingue Vila S\u00e3o Nicolau\",\"Bercario bilingue Vila Tolstoi\",\"Bercario bilingue Zona Leste\",\"Bercario Centro Educacional Santa Rita de Cassia\",\"Bercario Jardim Adutora\",\"Bercario Jardim Angela\",\"Bercario Jardim das Maravilhas\",\"Bercario Jardim Elba\",\"Bercario Jardim Ivone\",\"Bercario Jardim Maria Therezinha\",\"Bercario Parque Santa Madalena\",\"Bercario Parque Sao Lucas\",\"Bercario Particular Centro Educacional Santa Rita de Cassia\",\"Bercario Particular Jardim Adutora\",\"Bercario Particular Jardim Angela\",\"Bercario Particular Jardim das Maravilhas\",\"Bercario Particular Jardim Elba\",\"Bercario Particular Jardim Ivone\",\"Bercario Particular Jardim Maria Therezinha\",\"Bercario Particular Parque Santa Madalena\",\"Bercario Particular Parque Sao Lucas\",\"Bercario Particular Vila Alpina\",\"Bercario Particular Vila Alzira\",\"Bercario Particular Vila Ema\",\"Bercario Particular Vila Industrial\",\"Bercario Particular Vila S\u00e3o Nicolau\",\"Bercario Particular Vila Tolstoi\",\"Bercario Particular Zona Leste\",\"Bercario Vila Alpina\",\"Bercario Vila Alzira\",\"Bercario Vila Ema\",\"Bercario Vila Industrial\",\"Bercario Vila S\u00e3o Nicolau\",\"Bercario Vila Tolstoi\",\"Bercario Zona Leste\",\"colegio Centro Educacional Santa Rita de Cassia\",\"colegio Jardim Adutora\",\"colegio Jardim Angela\",\"colegio Jardim das Maravilhas\",\"colegio Jardim Elba\",\"colegio Jardim Ivone\",\"colegio Jardim Maria Therezinha\",\"colegio Parque Santa Madalena\",\"colegio Parque Sao Lucas\",\"colegio Vila Alpina\",\"colegio Vila Alzira\",\"colegio Vila Ema\",\"colegio Vila Industrial\",\"colegio Vila S\u00e3o Nicolau\",\"colegio Vila Tolstoi\",\"colegio Zona Leste\",\"Creche Centro Educacional Santa Rita de Cassia\",\"Creche Jardim Adutora\",\"Creche Jardim Angela\",\"Creche Jardim das Maravilhas\",\"Creche Jardim Elba\",\"Creche Jardim Ivone\",\"Creche Jardim Maria Therezinha\",\"Creche Parque Santa Madalena\",\"Creche Parque Sao Lucas\",\"Creche Particular Centro Educacional Santa Rita de Cassia\",\"Creche Particular Jardim Adutora\",\"Creche Particular Jardim Angela\",\"Creche Particular Jardim das Maravilhas\",\"Creche Particular Jardim Elba\",\"Creche Particular Jardim Ivone\",\"Creche Particular Jardim Maria Therezinha\",\"Creche Particular Parque Santa Madalena\",\"Creche Particular Parque Sao Lucas\",\"Creche Particular Vila Alpina\",\"Creche Particular Vila Alzira\",\"Creche Particular Vila Ema\",\"Creche Particular Vila Industrial\",\"Creche Particular Vila S\u00e3o Nicolau\",\"Creche Particular Vila Tolstoi\",\"Creche Particular Zona Leste\",\"Creche Vila Alpina\",\"Creche Vila Alzira\",\"Creche Vila Ema\",\"Creche Vila Industrial\",\"Creche Vila S\u00e3o Nicolau\",\"Creche Vila Tolstoi\",\"Creche Zona Leste\",\"Educacao Basica Centro Educacional Santa Rita de Cassia\",\"Educacao Basica Jardim Adutora\",\"Educacao Basica Jardim Angela\",\"Educacao Basica Jardim das Maravilhas\",\"Educacao Basica Jardim Elba\",\"Educacao Basica Jardim Ivone\",\"Educacao Basica Jardim Maria Therezinha\",\"Educacao Basica Parque Santa Madalena\",\"Educacao Basica Parque Sao Lucas\",\"Educacao Basica Vila Alpina\",\"Educacao Basica Vila Alzira\",\"Educacao Basica Vila Ema\",\"Educacao Basica Vila Industrial\",\"Educacao Basica Vila S\u00e3o Nicolau\",\"Educacao Basica Vila Tolstoi\",\"Educacao Basica Zona Leste\",\"Educacao bilingue Centro Educacional Santa Rita de Cassia\",\"Educacao bilingue Jardim Adutora\",\"Educacao bilingue Jardim Angela\",\"Educacao bilingue Jardim das Maravilhas\",\"Educacao bilingue Jardim Elba\",\"Educacao bilingue Jardim Ivone\",\"Educacao bilingue Jardim Maria Therezinha\",\"Educacao bilingue Parque Santa Madalena\",\"Educacao bilingue Parque Sao Lucas\",\"Educacao bilingue Vila Alpina\",\"Educacao bilingue Vila Alzira\",\"Educacao bilingue Vila Ema\",\"Educacao bilingue Vila Industrial\",\"Educacao bilingue Vila S\u00e3o Nicolau\",\"Educacao bilingue Vila Tolstoi\",\"Educacao bilingue Zona Leste\",\"Educacao Infantil Centro Educacional Santa Rita de Cassia\",\"Educacao Infantil Jardim Adutora\",\"Educacao Infantil Jardim Angela\",\"Educacao Infantil Jardim das Maravilhas\",\"Educacao Infantil Jardim Elba\",\"Educacao Infantil Jardim Ivone\",\"Educacao Infantil Jardim Maria Therezinha\",\"Educacao Infantil Parque Santa Madalena\",\"Educacao Infantil Parque Sao Lucas\",\"Educacao Infantil Vila Alpina\",\"Educacao Infantil Vila Alzira\",\"Educacao Infantil Vila Ema\",\"Educacao Infantil Vila Industrial\",\"Educacao Infantil Vila S\u00e3o Nicolau\",\"Educacao Infantil Vila Tolstoi\",\"Educacao Infantil Zona Leste\",\"Ensino Basico Centro Educacional Santa Rita de Cassia\",\"Ensino Basico Jardim Adutora\",\"Ensino Basico Jardim Angela\",\"Ensino Basico Jardim das Maravilhas\",\"Ensino Basico Jardim Elba\",\"Ensino Basico Jardim Ivone\",\"Ensino Basico Jardim Maria Therezinha\",\"Ensino Basico Parque Santa Madalena\",\"Ensino Basico Parque Sao Lucas\",\"Ensino Basico Vila Alpina\",\"Ensino Basico Vila Alzira\",\"Ensino Basico Vila Ema\",\"Ensino Basico Vila Industrial\",\"Ensino Basico Vila S\u00e3o Nicolau\",\"Ensino Basico Vila Tolstoi\",\"Ensino Basico Zona Leste\",\"Ensino bilingue Centro Educacional Santa Rita de Cassia\",\"Ensino bilingue Jardim Adutora\",\"Ensino bilingue Jardim Angela\",\"Ensino bilingue Jardim das Maravilhas\",\"Ensino bilingue Jardim Elba\",\"Ensino bilingue Jardim Ivone\",\"Ensino bilingue Jardim Maria Therezinha\",\"Ensino bilingue Parque Santa Madalena\",\"Ensino bilingue Parque Sao Lucas\",\"Ensino bilingue Vila Alpina\",\"Ensino bilingue Vila Alzira\",\"Ensino bilingue Vila Ema\",\"Ensino bilingue Vila Industrial\",\"Ensino bilingue Vila S\u00e3o Nicolau\",\"Ensino bilingue Vila Tolstoi\",\"Ensino bilingue Zona Leste\",\"Ensino Fundamental Centro Educacional Santa Rita de Cassia\",\"Ensino Fundamental Jardim Adutora\",\"Ensino Fundamental Jardim Angela\",\"Ensino Fundamental Jardim das Maravilhas\",\"Ensino Fundamental Jardim Elba\",\"Ensino Fundamental Jardim Ivone\",\"Ensino Fundamental Jardim Maria Therezinha\",\"Ensino Fundamental Parque Santa Madalena\",\"Ensino Fundamental Parque Sao Lucas\",\"Ensino Fundamental Vila Alpina\",\"Ensino Fundamental Vila Alzira\",\"Ensino Fundamental Vila Ema\",\"Ensino Fundamental Vila Industrial\",\"Ensino Fundamental Vila S\u00e3o Nicolau\",\"Ensino Fundamental Vila Tolstoi\",\"Ensino Fundamental Zona Leste\",\"Ensino Infantil Centro Educacional Santa Rita de Cassia\",\"Ensino Infantil Jardim Adutora\",\"Ensino Infantil Jardim Angela\",\"Ensino Infantil Jardim das Maravilhas\",\"Ensino Infantil Jardim Elba\",\"Ensino Infantil Jardim Ivone\",\"Ensino Infantil Jardim Maria Therezinha\",\"Ensino Infantil Parque Santa Madalena\",\"Ensino Infantil Parque Sao Lucas\",\"Ensino Infantil Vila Alpina\",\"Ensino Infantil Vila Alzira\",\"Ensino Infantil Vila Ema\",\"Ensino Infantil Vila Industrial\",\"Ensino Infantil Vila S\u00e3o Nicolau\",\"Ensino Infantil Vila Tolstoi\",\"Ensino Infantil Zona Leste\",\"Escola bilingue Centro Educacional Santa Rita de Cassia\",\"Escola bilingue Jardim Adutora\",\"Escola bilingue Jardim Angela\",\"Escola bilingue Jardim das Maravilhas\",\"Escola bilingue Jardim Elba\",\"Escola bilingue Jardim Ivone\",\"Escola bilingue Jardim Maria Therezinha\",\"Escola bilingue Parque Santa Madalena\",\"Escola bilingue Parque Sao Lucas\",\"Escola bilingue Vila Alpina\",\"Escola bilingue Vila Alzira\",\"Escola bilingue Vila Ema\",\"Escola bilingue Vila Industrial\",\"Escola bilingue Vila S\u00e3o Nicolau\",\"Escola bilingue Vila Tolstoi\",\"Escola bilingue Zona Leste\",\"Escola Centro Educacional Santa Rita de Cassia\",\"Escola de Educacao Infantil Centro Educacional Santa Rita de Cassia\",\"Escola de Educacao Infantil Jardim Adutora\",\"Escola de Educacao Infantil Jardim Angela\",\"Escola de Educacao Infantil Jardim das Maravilhas\",\"Escola de Educacao Infantil Jardim Elba\",\"Escola de Educacao Infantil Jardim Ivone\",\"Escola de Educacao Infantil Jardim Maria Therezinha\",\"Escola de Educacao Infantil Parque Santa Madalena\",\"Escola de Educacao Infantil Parque Sao Lucas\",\"Escola de Educacao Infantil Vila Alpina\",\"Escola de Educacao Infantil Vila Alzira\",\"Escola de Educacao Infantil Vila Ema\",\"Escola de Educacao Infantil Vila Industrial\",\"Escola de Educacao Infantil Vila S\u00e3o Nicolau\",\"Escola de Educacao Infantil Vila Tolstoi\",\"Escola de Educacao Infantil Zona Leste\",\"Escola de Ensino Infantil Centro Educacional Santa Rita de Cassia\",\"Escola de Ensino Infantil Jardim Adutora\",\"Escola de Ensino Infantil Jardim Angela\",\"Escola de Ensino Infantil Jardim das Maravilhas\",\"Escola de Ensino Infantil Jardim Elba\",\"Escola de Ensino Infantil Jardim Ivone\",\"Escola de Ensino Infantil Jardim Maria Therezinha\",\"Escola de Ensino Infantil Parque Santa Madalena\",\"Escola de Ensino Infantil Parque Sao Lucas\",\"Escola de Ensino Infantil Vila Alpina\",\"Escola de Ensino Infantil Vila Alzira\",\"Escola de Ensino Infantil Vila Ema\",\"Escola de Ensino Infantil Vila Industrial\",\"Escola de Ensino Infantil Vila S\u00e3o Nicolau\",\"Escola de Ensino Infantil Vila Tolstoi\",\"Escola de Ensino Infantil Zona Leste\",\"Escola Ensino Fundamental Centro Educacional Santa Rita de Cassia\",\"Escola Ensino Fundamental Jardim Adutora\",\"Escola Ensino Fundamental Jardim Angela\",\"Escola Ensino Fundamental Jardim das Maravilhas\",\"Escola Ensino Fundamental Jardim Elba\",\"Escola Ensino Fundamental Jardim Ivone\",\"Escola Ensino Fundamental Jardim Maria Therezinha\",\"Escola Ensino Fundamental Parque Santa Madalena\",\"Escola Ensino Fundamental Parque Sao Lucas\",\"Escola Ensino Fundamental Vila Alpina\",\"Escola Ensino Fundamental Vila Alzira\",\"Escola Ensino Fundamental Vila Ema\",\"Escola Ensino Fundamental Vila Industrial\",\"Escola Ensino Fundamental Vila S\u00e3o Nicolau\",\"Escola Ensino Fundamental Vila Tolstoi\",\"Escola Ensino Fundamental Zona Leste\",\"Escola Jardim Adutora\",\"Escola Jardim Angela\",\"Escola Jardim das Maravilhas\",\"Escola Jardim Elba\",\"Escola Jardim Ivone\",\"Escola Jardim Maria Therezinha\",\"Escola Maternal Centro Educacional Santa Rita de Cassia\",\"Escola Maternal Jardim Adutora\",\"Escola Maternal Jardim Angela\",\"Escola Maternal Jardim das Maravilhas\",\"Escola Maternal Jardim Elba\",\"Escola Maternal Jardim Ivone\",\"Escola Maternal Jardim Maria Therezinha\",\"Escola Maternal Parque Santa Madalena\",\"Escola Maternal Parque Sao Lucas\",\"Escola Maternal Vila Alpina\",\"Escola Maternal Vila Alzira\",\"Escola Maternal Vila Ema\",\"Escola Maternal Vila Industrial\",\"Escola Maternal Vila S\u00e3o Nicolau\",\"Escola Maternal Vila Tolstoi\",\"Escola Maternal Zona Leste\",\"Escola Parque Santa Madalena\",\"Escola Parque Sao Lucas\",\"Escola Particular Centro Educacional Santa Rita de Cassia\",\"Escola Particular Jardim Adutora\",\"Escola Particular Jardim Angela\",\"Escola Particular Jardim das Maravilhas\",\"Escola Particular Jardim Elba\",\"Escola Particular Jardim Ivone\",\"Escola Particular Jardim Maria Therezinha\",\"Escola Particular Parque Santa Madalena\",\"Escola Particular Parque Sao Lucas\",\"Escola Particular Vila Alpina\",\"Escola Particular Vila Alzira\",\"Escola Particular Vila Ema\",\"Escola Particular Vila Industrial\",\"Escola Particular Vila S\u00e3o Nicolau\",\"Escola Particular Vila Tolstoi\",\"Escola Particular Zona Leste\",\"Escola Vila Alpina\",\"Escola Vila Alzira\",\"Escola Vila Ema\",\"Escola Vila Industrial\",\"Escola Vila S\u00e3o Nicolau\",\"Escola Vila Tolstoi\",\"Escola Zona Leste\",\"pre escola particular Centro Educacional Santa Rita de Cassia\",\"pre escola particular Jardim Adutora\",\"pre escola particular Jardim Angela\",\"pre escola particular Jardim das Maravilhas\",\"pre escola particular Jardim Elba\",\"pre escola particular Jardim Ivone\",\"pre escola particular Jardim Maria Therezinha\",\"pre escola particular Parque Santa Madalena\",\"pre escola particular Parque Sao Lucas\",\"pre escola particular Vila Alpina\",\"pre escola particular Vila Alzira\",\"pre escola particular Vila Ema\",\"pre escola particular Vila Industrial\",\"pre escola particular Vila S\u00e3o Nicolau\",\"pre escola particular Vila Tolstoi\",\"pre escola particular Zona Leste\"],\"articleSection\":[\"Educa\u00e7\u00e3o B\u00e1sica\",\"Educa\u00e7\u00e3o B\u00e1sica Jardim Mimar\",\"Educa\u00e7\u00e3o B\u00e1sica Parque Santa Madalena\",\"Educa\u00e7\u00e3o B\u00e1sica Zona Leste\",\"Educa\u00e7\u00e3o Infantil\",\"Educa\u00e7\u00e3o Infantil Jardim Mimar\",\"Educa\u00e7\u00e3o Infantil Parque Santa Madalena\",\"Educa\u00e7\u00e3o Infantil Zona Leste\",\"Ensino Fundamental\",\"Ensino Fundamental Jardim Mimar\",\"Ensino Fundamental Parque Santa Madalena\",\"Ensino Fundamental Zona Leste\",\"Ensino Infantil\",\"Ensino Infantil Jardim Ivone\",\"Ensino Infantil Jardim Mimar\",\"Ensino Infantil Parque Santa Madalena\",\"Ensino Infantil Zona Leste\",\"Escola Infantil\",\"Escola Infantil Jardim Mimar\",\"Escola Infantil Parque Santa Madalena\",\"Escola Infantil Zona Leste\"],\"inLanguage\":\"en-US\",\"potentialAction\":[{\"@type\":\"CommentAction\",\"name\":\"Comment\",\"target\":[\"https:\/\/centroeducacionalsantarita.com.br\/index.php\/2023\/08\/22\/educacao-infantil-jardim-ivone-centro-educacional-santa-rita\/#respond\"]}]},{\"@type\":\"WebPage\",\"@id\":\"https:\/\/centroeducacionalsantarita.com.br\/index.php\/2023\/08\/22\/educacao-infantil-jardim-ivone-centro-educacional-santa-rita\/\",\"url\":\"https:\/\/centroeducacionalsantarita.com.br\/index.php\/2023\/08\/22\/educacao-infantil-jardim-ivone-centro-educacional-santa-rita\/\",\"name\":\"Educa\u00e7\u00e3o Infantil Jardim Ivone | Centro Educacional Santa Rita\",\"isPartOf\":{\"@id\":\"https:\/\/centroeducacionalsantarita.com.br\/#website\"},\"primaryImageOfPage\":{\"@id\":\"https:\/\/centroeducacionalsantarita.com.br\/index.php\/2023\/08\/22\/educacao-infantil-jardim-ivone-centro-educacional-santa-rita\/#primaryimage\"},\"image\":{\"@id\":\"https:\/\/centroeducacionalsantarita.com.br\/index.php\/2023\/08\/22\/educacao-infantil-jardim-ivone-centro-educacional-santa-rita\/#primaryimage\"},\"thumbnailUrl\":\"http:\/\/centroeducacionalsantarita.com.br\/wp-content\/uploads\/2023\/08\/Centro_educacional_santa_rita_de_cassia_logo.webp\",\"datePublished\":\"2023-08-22T17:18:39+00:00\",\"dateModified\":\"2024-11-04T17:43:19+00:00\",\"description\":\"Educa\u00e7\u00e3o Infantil Jardim Ivone | Centro Educacional Santa Rita | Ensino Fundamental ,Ingl\u00eas, Inform\u00e1tica, Ballet e Capoeira\",\"breadcrumb\":{\"@id\":\"https:\/\/centroeducacionalsantarita.com.br\/index.php\/2023\/08\/22\/educacao-infantil-jardim-ivone-centro-educacional-santa-rita\/#breadcrumb\"},\"inLanguage\":\"en-US\",\"potentialAction\":[{\"@type\":\"ReadAction\",\"target\":[\"https:\/\/centroeducacionalsantarita.com.br\/index.php\/2023\/08\/22\/educacao-infantil-jardim-ivone-centro-educacional-santa-rita\/\"]}]},{\"@type\":\"ImageObject\",\"inLanguage\":\"en-US\",\"@id\":\"https:\/\/centroeducacionalsantarita.com.br\/index.php\/2023\/08\/22\/educacao-infantil-jardim-ivone-centro-educacional-santa-rita\/#primaryimage\",\"url\":\"http:\/\/centroeducacionalsantarita.com.br\/wp-content\/uploads\/2023\/08\/Centro_educacional_santa_rita_de_cassia_logo.webp\",\"contentUrl\":\"http:\/\/centroeducacionalsantarita.com.br\/wp-content\/uploads\/2023\/08\/Centro_educacional_santa_rita_de_cassia_logo.webp\"},{\"@type\":\"BreadcrumbList\",\"@id\":\"https:\/\/centroeducacionalsantarita.com.br\/index.php\/2023\/08\/22\/educacao-infantil-jardim-ivone-centro-educacional-santa-rita\/#breadcrumb\",\"itemListElement\":[{\"@type\":\"ListItem\",\"position\":1,\"name\":\"In\u00edcio\",\"item\":\"https:\/\/centroeducacionalsantarita.com.br\/\"},{\"@type\":\"ListItem\",\"position\":2,\"name\":\"Educa\u00e7\u00e3o Infantil Jardim Ivone &#8211; Centro Educacional Santa Rita\"}]},{\"@type\":\"WebSite\",\"@id\":\"https:\/\/centroeducacionalsantarita.com.br\/#website\",\"url\":\"https:\/\/centroeducacionalsantarita.com.br\/\",\"name\":\"Centro Educacional Santa Rita de Cassia\",\"description\":\"Centro Educacional Santa Rita de Cassia - Rua Jose Domingues de Pontes, 516\",\"publisher\":{\"@id\":\"https:\/\/centroeducacionalsantarita.com.br\/#organization\"},\"potentialAction\":[{\"@type\":\"SearchAction\",\"target\":{\"@type\":\"EntryPoint\",\"urlTemplate\":\"https:\/\/centroeducacionalsantarita.com.br\/?s={search_term_string}\"},\"query-input\":{\"@type\":\"PropertyValueSpecification\",\"valueRequired\":true,\"valueName\":\"search_term_string\"}}],\"inLanguage\":\"en-US\"},{\"@type\":\"Organization\",\"@id\":\"https:\/\/centroeducacionalsantarita.com.br\/#organization\",\"name\":\"Centro Educacional Santa Rita de Cassia\",\"url\":\"https:\/\/centroeducacionalsantarita.com.br\/\",\"logo\":{\"@type\":\"ImageObject\",\"inLanguage\":\"en-US\",\"@id\":\"https:\/\/centroeducacionalsantarita.com.br\/#\/schema\/logo\/image\/\",\"url\":\"http:\/\/centroeducacionalsantarita.com.br\/wp-content\/uploads\/2023\/08\/Centro_educacional_santa_rita_de_cassia_logo.webp\",\"contentUrl\":\"http:\/\/centroeducacionalsantarita.com.br\/wp-content\/uploads\/2023\/08\/Centro_educacional_santa_rita_de_cassia_logo.webp\",\"width\":300,\"height\":384,\"caption\":\"Centro Educacional Santa Rita de Cassia\"},\"image\":{\"@id\":\"https:\/\/centroeducacionalsantarita.com.br\/#\/schema\/logo\/image\/\"},\"sameAs\":[\"https:\/\/www.facebook.com\/cedsantaritadecassia\",\"https:\/\/www.instagram.com\/cedsantaritadecassia\/\"]},{\"@type\":\"Person\",\"@id\":\"https:\/\/centroeducacionalsantarita.com.br\/#\/schema\/person\/c570d49ce2705f52b62b564fd16b48ae\",\"name\":\"GKcesrcMK1\",\"image\":{\"@type\":\"ImageObject\",\"inLanguage\":\"en-US\",\"@id\":\"https:\/\/centroeducacionalsantarita.com.br\/#\/schema\/person\/image\/\",\"url\":\"https:\/\/secure.gravatar.com\/avatar\/f417401a765652dde336f345e9dc7894?s=96&d=mm&r=g\",\"contentUrl\":\"https:\/\/secure.gravatar.com\/avatar\/f417401a765652dde336f345e9dc7894?s=96&d=mm&r=g\",\"caption\":\"GKcesrcMK1\"},\"sameAs\":[\"https:\/\/centroeducacionalsantarita.com.br\"],\"url\":\"https:\/\/centroeducacionalsantarita.com.br\/index.php\/author\/gkcesrcmk1\/\"}]}<\/script>\n<!-- \/ Yoast SEO plugin. -->","yoast_head_json":{"title":"Educa\u00e7\u00e3o Infantil Jardim Ivone | Centro Educacional Santa Rita","description":"Educa\u00e7\u00e3o Infantil Jardim Ivone | Centro Educacional Santa Rita | Ensino Fundamental ,Ingl\u00eas, Inform\u00e1tica, Ballet e Capoeira","robots":{"index":"index","follow":"follow","max-snippet":"max-snippet:-1","max-image-preview":"max-image-preview:large","max-video-preview":"max-video-preview:-1"},"canonical":"https:\/\/centroeducacionalsantarita.com.br\/index.php\/2023\/08\/22\/educacao-infantil-jardim-ivone-centro-educacional-santa-rita\/","og_locale":"en_US","og_type":"article","og_title":"Educa\u00e7\u00e3o Infantil Jardim Ivone | Centro Educacional Santa Rita","og_description":"Educa\u00e7\u00e3o Infantil Jardim Ivone | Centro Educacional Santa Rita | Ensino Fundamental ,Ingl\u00eas, Inform\u00e1tica, Ballet e Capoeira","og_url":"https:\/\/centroeducacionalsantarita.com.br\/index.php\/2023\/08\/22\/educacao-infantil-jardim-ivone-centro-educacional-santa-rita\/","og_site_name":"Centro Educacional Santa Rita de Cassia","article_publisher":"https:\/\/www.facebook.com\/cedsantaritadecassia","article_published_time":"2023-08-22T17:18:39+00:00","article_modified_time":"2024-11-04T17:43:19+00:00","og_image":[{"url":"http:\/\/centroeducacionalsantarita.com.br\/wp-content\/uploads\/2023\/08\/Centro_educacional_santa_rita_de_cassia_logo.webp"}],"author":"GKcesrcMK1","twitter_card":"summary_large_image","twitter_misc":{"Written by":"GKcesrcMK1","Est. reading time":"3 minutes"},"schema":{"@context":"https:\/\/schema.org","@graph":[{"@type":"Article","@id":"https:\/\/centroeducacionalsantarita.com.br\/index.php\/2023\/08\/22\/educacao-infantil-jardim-ivone-centro-educacional-santa-rita\/#article","isPartOf":{"@id":"https:\/\/centroeducacionalsantarita.com.br\/index.php\/2023\/08\/22\/educacao-infantil-jardim-ivone-centro-educacional-santa-rita\/"},"author":{"name":"GKcesrcMK1","@id":"https:\/\/centroeducacionalsantarita.com.br\/#\/schema\/person\/c570d49ce2705f52b62b564fd16b48ae"},"headline":"Educa\u00e7\u00e3o Infantil Jardim Ivone &#8211; Centro Educacional Santa Rita","datePublished":"2023-08-22T17:18:39+00:00","dateModified":"2024-11-04T17:43:19+00:00","mainEntityOfPage":{"@id":"https:\/\/centroeducacionalsantarita.com.br\/index.php\/2023\/08\/22\/educacao-infantil-jardim-ivone-centro-educacional-santa-rita\/"},"wordCount":396,"commentCount":0,"publisher":{"@id":"https:\/\/centroeducacionalsantarita.com.br\/#organization"},"image":{"@id":"https:\/\/centroeducacionalsantarita.com.br\/index.php\/2023\/08\/22\/educacao-infantil-jardim-ivone-centro-educacional-santa-rita\/#primaryimage"},"thumbnailUrl":"http:\/\/centroeducacionalsantarita.com.br\/wp-content\/uploads\/2023\/08\/Centro_educacional_santa_rita_de_cassia_logo.webp","keywords":["Bercario bilingue Centro Educacional Santa Rita de Cassia","Bercario bilingue Jardim Adutora","Bercario bilingue Jardim Angela","Bercario bilingue Jardim das Maravilhas","Bercario bilingue Jardim Elba","Bercario bilingue Jardim Ivone","Bercario bilingue Jardim Maria Therezinha","Bercario bilingue Parque Santa Madalena","Bercario bilingue Parque Sao Lucas","Bercario bilingue Vila Alpina","Bercario bilingue Vila Alzira","Bercario bilingue Vila Ema","Bercario bilingue Vila Industrial","Bercario bilingue Vila S\u00e3o Nicolau","Bercario bilingue Vila Tolstoi","Bercario bilingue Zona Leste","Bercario Centro Educacional Santa Rita de Cassia","Bercario Jardim Adutora","Bercario Jardim Angela","Bercario Jardim das Maravilhas","Bercario Jardim Elba","Bercario Jardim Ivone","Bercario Jardim Maria Therezinha","Bercario Parque Santa Madalena","Bercario Parque Sao Lucas","Bercario Particular Centro Educacional Santa Rita de Cassia","Bercario Particular Jardim Adutora","Bercario Particular Jardim Angela","Bercario Particular Jardim das Maravilhas","Bercario Particular Jardim Elba","Bercario Particular Jardim Ivone","Bercario Particular Jardim Maria Therezinha","Bercario Particular Parque Santa Madalena","Bercario Particular Parque Sao Lucas","Bercario Particular Vila Alpina","Bercario Particular Vila Alzira","Bercario Particular Vila Ema","Bercario Particular Vila Industrial","Bercario Particular Vila S\u00e3o Nicolau","Bercario Particular Vila Tolstoi","Bercario Particular Zona Leste","Bercario Vila Alpina","Bercario Vila Alzira","Bercario Vila Ema","Bercario Vila Industrial","Bercario Vila S\u00e3o Nicolau","Bercario Vila Tolstoi","Bercario Zona Leste","colegio Centro Educacional Santa Rita de Cassia","colegio Jardim Adutora","colegio Jardim Angela","colegio Jardim das Maravilhas","colegio Jardim Elba","colegio Jardim Ivone","colegio Jardim Maria Therezinha","colegio Parque Santa Madalena","colegio Parque Sao Lucas","colegio Vila Alpina","colegio Vila Alzira","colegio Vila Ema","colegio Vila Industrial","colegio Vila S\u00e3o Nicolau","colegio Vila Tolstoi","colegio Zona Leste","Creche Centro Educacional Santa Rita de Cassia","Creche Jardim Adutora","Creche Jardim Angela","Creche Jardim das Maravilhas","Creche Jardim Elba","Creche Jardim Ivone","Creche Jardim Maria Therezinha","Creche Parque Santa Madalena","Creche Parque Sao Lucas","Creche Particular Centro Educacional Santa Rita de Cassia","Creche Particular Jardim Adutora","Creche Particular Jardim Angela","Creche Particular Jardim das Maravilhas","Creche Particular Jardim Elba","Creche Particular Jardim Ivone","Creche Particular Jardim Maria Therezinha","Creche Particular Parque Santa Madalena","Creche Particular Parque Sao Lucas","Creche Particular Vila Alpina","Creche Particular Vila Alzira","Creche Particular Vila Ema","Creche Particular Vila Industrial","Creche Particular Vila S\u00e3o Nicolau","Creche Particular Vila Tolstoi","Creche Particular Zona Leste","Creche Vila Alpina","Creche Vila Alzira","Creche Vila Ema","Creche Vila Industrial","Creche Vila S\u00e3o Nicolau","Creche Vila Tolstoi","Creche Zona Leste","Educacao Basica Centro Educacional Santa Rita de Cassia","Educacao Basica Jardim Adutora","Educacao Basica Jardim Angela","Educacao Basica Jardim das Maravilhas","Educacao Basica Jardim Elba","Educacao Basica Jardim Ivone","Educacao Basica Jardim Maria Therezinha","Educacao Basica Parque Santa Madalena","Educacao Basica Parque Sao Lucas","Educacao Basica Vila Alpina","Educacao Basica Vila Alzira","Educacao Basica Vila Ema","Educacao Basica Vila Industrial","Educacao Basica Vila S\u00e3o Nicolau","Educacao Basica Vila Tolstoi","Educacao Basica Zona Leste","Educacao bilingue Centro Educacional Santa Rita de Cassia","Educacao bilingue Jardim Adutora","Educacao bilingue Jardim Angela","Educacao bilingue Jardim das Maravilhas","Educacao bilingue Jardim Elba","Educacao bilingue Jardim Ivone","Educacao bilingue Jardim Maria Therezinha","Educacao bilingue Parque Santa Madalena","Educacao bilingue Parque Sao Lucas","Educacao bilingue Vila Alpina","Educacao bilingue Vila Alzira","Educacao bilingue Vila Ema","Educacao bilingue Vila Industrial","Educacao bilingue Vila S\u00e3o Nicolau","Educacao bilingue Vila Tolstoi","Educacao bilingue Zona Leste","Educacao Infantil Centro Educacional Santa Rita de Cassia","Educacao Infantil Jardim Adutora","Educacao Infantil Jardim Angela","Educacao Infantil Jardim das Maravilhas","Educacao Infantil Jardim Elba","Educacao Infantil Jardim Ivone","Educacao Infantil Jardim Maria Therezinha","Educacao Infantil Parque Santa Madalena","Educacao Infantil Parque Sao Lucas","Educacao Infantil Vila Alpina","Educacao Infantil Vila Alzira","Educacao Infantil Vila Ema","Educacao Infantil Vila Industrial","Educacao Infantil Vila S\u00e3o Nicolau","Educacao Infantil Vila Tolstoi","Educacao Infantil Zona Leste","Ensino Basico Centro Educacional Santa Rita de Cassia","Ensino Basico Jardim Adutora","Ensino Basico Jardim Angela","Ensino Basico Jardim das Maravilhas","Ensino Basico Jardim Elba","Ensino Basico Jardim Ivone","Ensino Basico Jardim Maria Therezinha","Ensino Basico Parque Santa Madalena","Ensino Basico Parque Sao Lucas","Ensino Basico Vila Alpina","Ensino Basico Vila Alzira","Ensino Basico Vila Ema","Ensino Basico Vila Industrial","Ensino Basico Vila S\u00e3o Nicolau","Ensino Basico Vila Tolstoi","Ensino Basico Zona Leste","Ensino bilingue Centro Educacional Santa Rita de Cassia","Ensino bilingue Jardim Adutora","Ensino bilingue Jardim Angela","Ensino bilingue Jardim das Maravilhas","Ensino bilingue Jardim Elba","Ensino bilingue Jardim Ivone","Ensino bilingue Jardim Maria Therezinha","Ensino bilingue Parque Santa Madalena","Ensino bilingue Parque Sao Lucas","Ensino bilingue Vila Alpina","Ensino bilingue Vila Alzira","Ensino bilingue Vila Ema","Ensino bilingue Vila Industrial","Ensino bilingue Vila S\u00e3o Nicolau","Ensino bilingue Vila Tolstoi","Ensino bilingue Zona Leste","Ensino Fundamental Centro Educacional Santa Rita de Cassia","Ensino Fundamental Jardim Adutora","Ensino Fundamental Jardim Angela","Ensino Fundamental Jardim das Maravilhas","Ensino Fundamental Jardim Elba","Ensino Fundamental Jardim Ivone","Ensino Fundamental Jardim Maria Therezinha","Ensino Fundamental Parque Santa Madalena","Ensino Fundamental Parque Sao Lucas","Ensino Fundamental Vila Alpina","Ensino Fundamental Vila Alzira","Ensino Fundamental Vila Ema","Ensino Fundamental Vila Industrial","Ensino Fundamental Vila S\u00e3o Nicolau","Ensino Fundamental Vila Tolstoi","Ensino Fundamental Zona Leste","Ensino Infantil Centro Educacional Santa Rita de Cassia","Ensino Infantil Jardim Adutora","Ensino Infantil Jardim Angela","Ensino Infantil Jardim das Maravilhas","Ensino Infantil Jardim Elba","Ensino Infantil Jardim Ivone","Ensino Infantil Jardim Maria Therezinha","Ensino Infantil Parque Santa Madalena","Ensino Infantil Parque Sao Lucas","Ensino Infantil Vila Alpina","Ensino Infantil Vila Alzira","Ensino Infantil Vila Ema","Ensino Infantil Vila Industrial","Ensino Infantil Vila S\u00e3o Nicolau","Ensino Infantil Vila Tolstoi","Ensino Infantil Zona Leste","Escola bilingue Centro Educacional Santa Rita de Cassia","Escola bilingue Jardim Adutora","Escola bilingue Jardim Angela","Escola bilingue Jardim das Maravilhas","Escola bilingue Jardim Elba","Escola bilingue Jardim Ivone","Escola bilingue Jardim Maria Therezinha","Escola bilingue Parque Santa Madalena","Escola bilingue Parque Sao Lucas","Escola bilingue Vila Alpina","Escola bilingue Vila Alzira","Escola bilingue Vila Ema","Escola bilingue Vila Industrial","Escola bilingue Vila S\u00e3o Nicolau","Escola bilingue Vila Tolstoi","Escola bilingue Zona Leste","Escola Centro Educacional Santa Rita de Cassia","Escola de Educacao Infantil Centro Educacional Santa Rita de Cassia","Escola de Educacao Infantil Jardim Adutora","Escola de Educacao Infantil Jardim Angela","Escola de Educacao Infantil Jardim das Maravilhas","Escola de Educacao Infantil Jardim Elba","Escola de Educacao Infantil Jardim Ivone","Escola de Educacao Infantil Jardim Maria Therezinha","Escola de Educacao Infantil Parque Santa Madalena","Escola de Educacao Infantil Parque Sao Lucas","Escola de Educacao Infantil Vila Alpina","Escola de Educacao Infantil Vila Alzira","Escola de Educacao Infantil Vila Ema","Escola de Educacao Infantil Vila Industrial","Escola de Educacao Infantil Vila S\u00e3o Nicolau","Escola de Educacao Infantil Vila Tolstoi","Escola de Educacao Infantil Zona Leste","Escola de Ensino Infantil Centro Educacional Santa Rita de Cassia","Escola de Ensino Infantil Jardim Adutora","Escola de Ensino Infantil Jardim Angela","Escola de Ensino Infantil Jardim das Maravilhas","Escola de Ensino Infantil Jardim Elba","Escola de Ensino Infantil Jardim Ivone","Escola de Ensino Infantil Jardim Maria Therezinha","Escola de Ensino Infantil Parque Santa Madalena","Escola de Ensino Infantil Parque Sao Lucas","Escola de Ensino Infantil Vila Alpina","Escola de Ensino Infantil Vila Alzira","Escola de Ensino Infantil Vila Ema","Escola de Ensino Infantil Vila Industrial","Escola de Ensino Infantil Vila S\u00e3o Nicolau","Escola de Ensino Infantil Vila Tolstoi","Escola de Ensino Infantil Zona Leste","Escola Ensino Fundamental Centro Educacional Santa Rita de Cassia","Escola Ensino Fundamental Jardim Adutora","Escola Ensino Fundamental Jardim Angela","Escola Ensino Fundamental Jardim das Maravilhas","Escola Ensino Fundamental Jardim Elba","Escola Ensino Fundamental Jardim Ivone","Escola Ensino Fundamental Jardim Maria Therezinha","Escola Ensino Fundamental Parque Santa Madalena","Escola Ensino Fundamental Parque Sao Lucas","Escola Ensino Fundamental Vila Alpina","Escola Ensino Fundamental Vila Alzira","Escola Ensino Fundamental Vila Ema","Escola Ensino Fundamental Vila Industrial","Escola Ensino Fundamental Vila S\u00e3o Nicolau","Escola Ensino Fundamental Vila Tolstoi","Escola Ensino Fundamental Zona Leste","Escola Jardim Adutora","Escola Jardim Angela","Escola Jardim das Maravilhas","Escola Jardim Elba","Escola Jardim Ivone","Escola Jardim Maria Therezinha","Escola Maternal Centro Educacional Santa Rita de Cassia","Escola Maternal Jardim Adutora","Escola Maternal Jardim Angela","Escola Maternal Jardim das Maravilhas","Escola Maternal Jardim Elba","Escola Maternal Jardim Ivone","Escola Maternal Jardim Maria Therezinha","Escola Maternal Parque Santa Madalena","Escola Maternal Parque Sao Lucas","Escola Maternal Vila Alpina","Escola Maternal Vila Alzira","Escola Maternal Vila Ema","Escola Maternal Vila Industrial","Escola Maternal Vila S\u00e3o Nicolau","Escola Maternal Vila Tolstoi","Escola Maternal Zona Leste","Escola Parque Santa Madalena","Escola Parque Sao Lucas","Escola Particular Centro Educacional Santa Rita de Cassia","Escola Particular Jardim Adutora","Escola Particular Jardim Angela","Escola Particular Jardim das Maravilhas","Escola Particular Jardim Elba","Escola Particular Jardim Ivone","Escola Particular Jardim Maria Therezinha","Escola Particular Parque Santa Madalena","Escola Particular Parque Sao Lucas","Escola Particular Vila Alpina","Escola Particular Vila Alzira","Escola Particular Vila Ema","Escola Particular Vila Industrial","Escola Particular Vila S\u00e3o Nicolau","Escola Particular Vila Tolstoi","Escola Particular Zona Leste","Escola Vila Alpina","Escola Vila Alzira","Escola Vila Ema","Escola Vila Industrial","Escola Vila S\u00e3o Nicolau","Escola Vila Tolstoi","Escola Zona Leste","pre escola particular Centro Educacional Santa Rita de Cassia","pre escola particular Jardim Adutora","pre escola particular Jardim Angela","pre escola particular Jardim das Maravilhas","pre escola particular Jardim Elba","pre escola particular Jardim Ivone","pre escola particular Jardim Maria Therezinha","pre escola particular Parque Santa Madalena","pre escola particular Parque Sao Lucas","pre escola particular Vila Alpina","pre escola particular Vila Alzira","pre escola particular Vila Ema","pre escola particular Vila Industrial","pre escola particular Vila S\u00e3o Nicolau","pre escola particular Vila Tolstoi","pre escola particular Zona Leste"],"articleSection":["Educa\u00e7\u00e3o B\u00e1sica","Educa\u00e7\u00e3o B\u00e1sica Jardim Mimar","Educa\u00e7\u00e3o B\u00e1sica Parque Santa Madalena","Educa\u00e7\u00e3o B\u00e1sica Zona Leste","Educa\u00e7\u00e3o Infantil","Educa\u00e7\u00e3o Infantil Jardim Mimar","Educa\u00e7\u00e3o Infantil Parque Santa Madalena","Educa\u00e7\u00e3o Infantil Zona Leste","Ensino Fundamental","Ensino Fundamental Jardim Mimar","Ensino Fundamental Parque Santa Madalena","Ensino Fundamental Zona Leste","Ensino Infantil","Ensino Infantil Jardim Ivone","Ensino Infantil Jardim Mimar","Ensino Infantil Parque Santa Madalena","Ensino Infantil Zona Leste","Escola Infantil","Escola Infantil Jardim Mimar","Escola Infantil Parque Santa Madalena","Escola Infantil Zona Leste"],"inLanguage":"en-US","potentialAction":[{"@type":"CommentAction","name":"Comment","target":["https:\/\/centroeducacionalsantarita.com.br\/index.php\/2023\/08\/22\/educacao-infantil-jardim-ivone-centro-educacional-santa-rita\/#respond"]}]},{"@type":"WebPage","@id":"https:\/\/centroeducacionalsantarita.com.br\/index.php\/2023\/08\/22\/educacao-infantil-jardim-ivone-centro-educacional-santa-rita\/","url":"https:\/\/centroeducacionalsantarita.com.br\/index.php\/2023\/08\/22\/educacao-infantil-jardim-ivone-centro-educacional-santa-rita\/","name":"Educa\u00e7\u00e3o Infantil Jardim Ivone | Centro Educacional Santa Rita","isPartOf":{"@id":"https:\/\/centroeducacionalsantarita.com.br\/#website"},"primaryImageOfPage":{"@id":"https:\/\/centroeducacionalsantarita.com.br\/index.php\/2023\/08\/22\/educacao-infantil-jardim-ivone-centro-educacional-santa-rita\/#primaryimage"},"image":{"@id":"https:\/\/centroeducacionalsantarita.com.br\/index.php\/2023\/08\/22\/educacao-infantil-jardim-ivone-centro-educacional-santa-rita\/#primaryimage"},"thumbnailUrl":"http:\/\/centroeducacionalsantarita.com.br\/wp-content\/uploads\/2023\/08\/Centro_educacional_santa_rita_de_cassia_logo.webp","datePublished":"2023-08-22T17:18:39+00:00","dateModified":"2024-11-04T17:43:19+00:00","description":"Educa\u00e7\u00e3o Infantil Jardim Ivone | Centro Educacional Santa Rita | Ensino Fundamental ,Ingl\u00eas, Inform\u00e1tica, Ballet e Capoeira","breadcrumb":{"@id":"https:\/\/centroeducacionalsantarita.com.br\/index.php\/2023\/08\/22\/educacao-infantil-jardim-ivone-centro-educacional-santa-rita\/#breadcrumb"},"inLanguage":"en-US","potentialAction":[{"@type":"ReadAction","target":["https:\/\/centroeducacionalsantarita.com.br\/index.php\/2023\/08\/22\/educacao-infantil-jardim-ivone-centro-educacional-santa-rita\/"]}]},{"@type":"ImageObject","inLanguage":"en-US","@id":"https:\/\/centroeducacionalsantarita.com.br\/index.php\/2023\/08\/22\/educacao-infantil-jardim-ivone-centro-educacional-santa-rita\/#primaryimage","url":"http:\/\/centroeducacionalsantarita.com.br\/wp-content\/uploads\/2023\/08\/Centro_educacional_santa_rita_de_cassia_logo.webp","contentUrl":"http:\/\/centroeducacionalsantarita.com.br\/wp-content\/uploads\/2023\/08\/Centro_educacional_santa_rita_de_cassia_logo.webp"},{"@type":"BreadcrumbList","@id":"https:\/\/centroeducacionalsantarita.com.br\/index.php\/2023\/08\/22\/educacao-infantil-jardim-ivone-centro-educacional-santa-rita\/#breadcrumb","itemListElement":[{"@type":"ListItem","position":1,"name":"In\u00edcio","item":"https:\/\/centroeducacionalsantarita.com.br\/"},{"@type":"ListItem","position":2,"name":"Educa\u00e7\u00e3o Infantil Jardim Ivone &#8211; Centro Educacional Santa Rita"}]},{"@type":"WebSite","@id":"https:\/\/centroeducacionalsantarita.com.br\/#website","url":"https:\/\/centroeducacionalsantarita.com.br\/","name":"Centro Educacional Santa Rita de Cassia","description":"Centro Educacional Santa Rita de Cassia - Rua Jose Domingues de Pontes, 516","publisher":{"@id":"https:\/\/centroeducacionalsantarita.com.br\/#organization"},"potentialAction":[{"@type":"SearchAction","target":{"@type":"EntryPoint","urlTemplate":"https:\/\/centroeducacionalsantarita.com.br\/?s={search_term_string}"},"query-input":{"@type":"PropertyValueSpecification","valueRequired":true,"valueName":"search_term_string"}}],"inLanguage":"en-US"},{"@type":"Organization","@id":"https:\/\/centroeducacionalsantarita.com.br\/#organization","name":"Centro Educacional Santa Rita de Cassia","url":"https:\/\/centroeducacionalsantarita.com.br\/","logo":{"@type":"ImageObject","inLanguage":"en-US","@id":"https:\/\/centroeducacionalsantarita.com.br\/#\/schema\/logo\/image\/","url":"http:\/\/centroeducacionalsantarita.com.br\/wp-content\/uploads\/2023\/08\/Centro_educacional_santa_rita_de_cassia_logo.webp","contentUrl":"http:\/\/centroeducacionalsantarita.com.br\/wp-content\/uploads\/2023\/08\/Centro_educacional_santa_rita_de_cassia_logo.webp","width":300,"height":384,"caption":"Centro Educacional Santa Rita de Cassia"},"image":{"@id":"https:\/\/centroeducacionalsantarita.com.br\/#\/schema\/logo\/image\/"},"sameAs":["https:\/\/www.facebook.com\/cedsantaritadecassia","https:\/\/www.instagram.com\/cedsantaritadecassia\/"]},{"@type":"Person","@id":"https:\/\/centroeducacionalsantarita.com.br\/#\/schema\/person\/c570d49ce2705f52b62b564fd16b48ae","name":"GKcesrcMK1","image":{"@type":"ImageObject","inLanguage":"en-US","@id":"https:\/\/centroeducacionalsantarita.com.br\/#\/schema\/person\/image\/","url":"https:\/\/secure.gravatar.com\/avatar\/f417401a765652dde336f345e9dc7894?s=96&d=mm&r=g","contentUrl":"https:\/\/secure.gravatar.com\/avatar\/f417401a765652dde336f345e9dc7894?s=96&d=mm&r=g","caption":"GKcesrcMK1"},"sameAs":["https:\/\/centroeducacionalsantarita.com.br"],"url":"https:\/\/centroeducacionalsantarita.com.br\/index.php\/author\/gkcesrcmk1\/"}]}},"_links":{"self":[{"href":"https:\/\/centroeducacionalsantarita.com.br\/index.php\/wp-json\/wp\/v2\/posts\/237"}],"collection":[{"href":"https:\/\/centroeducacionalsantarita.com.br\/index.php\/wp-json\/wp\/v2\/posts"}],"about":[{"href":"https:\/\/centroeducacionalsantarita.com.br\/index.php\/wp-json\/wp\/v2\/types\/post"}],"author":[{"embeddable":true,"href":"https:\/\/centroeducacionalsantarita.com.br\/index.php\/wp-json\/wp\/v2\/users\/1"}],"replies":[{"embeddable":true,"href":"https:\/\/centroeducacionalsantarita.com.br\/index.php\/wp-json\/wp\/v2\/comments?post=237"}],"version-history":[{"count":3,"href":"https:\/\/centroeducacionalsantarita.com.br\/index.php\/wp-json\/wp\/v2\/posts\/237\/revisions"}],"predecessor-version":[{"id":401,"href":"https:\/\/centroeducacionalsantarita.com.br\/index.php\/wp-json\/wp\/v2\/posts\/237\/revisions\/401"}],"wp:attachment":[{"href":"https:\/\/centroeducacionalsantarita.com.br\/index.php\/wp-json\/wp\/v2\/media?parent=237"}],"wp:term":[{"taxonomy":"category","embeddable":true,"href":"https:\/\/centroeducacionalsantarita.com.br\/index.php\/wp-json\/wp\/v2\/categories?post=237"},{"taxonomy":"post_tag","embeddable":true,"href":"https:\/\/centroeducacionalsantarita.com.br\/index.php\/wp-json\/wp\/v2\/tags?post=237"}],"curies":[{"name":"wp","href":"https:\/\/api.w.org\/{rel}","templated":true}]}}